{"id":10412,"date":"2020-01-09T08:14:16","date_gmt":"2020-01-09T07:14:16","guid":{"rendered":"http:\/\/robertdanieluk.com\/blog\/?p=10412"},"modified":"2020-01-09T08:20:19","modified_gmt":"2020-01-09T07:20:19","slug":"dobry-plecak-na-droge-do-tego-jak-zabrac-sprzet-fotograficzny","status":"publish","type":"post","link":"https:\/\/robertdanieluk.com\/blog\/2020\/01\/09\/dobry-plecak-na-droge-do-tego-jak-zabrac-sprzet-fotograficzny\/","title":{"rendered":"Dobry plecak na drog\u0119? Jak zabra\u0107 ze sob\u0105 sprz\u0119t fotograficzny?"},"content":{"rendered":"<p style=\"text-align: justify;\"><img loading=\"lazy\" decoding=\"async\" class=\"alignnone size-full wp-image-10415\" src=\"https:\/\/robertdanieluk.com\/blog\/wp-content\/uploads\/2020\/01\/Gruzja_Plecak_Miltec_Us_Assault_36_Danieluk_005.jpg\" alt=\"Plecak Mil-Tec Assault 36L\" width=\"1800\" height=\"1200\" srcset=\"https:\/\/robertdanieluk.com\/blog\/wp-content\/uploads\/2020\/01\/Gruzja_Plecak_Miltec_Us_Assault_36_Danieluk_005.jpg 1800w, https:\/\/robertdanieluk.com\/blog\/wp-content\/uploads\/2020\/01\/Gruzja_Plecak_Miltec_Us_Assault_36_Danieluk_005-300x200.jpg 300w, https:\/\/robertdanieluk.com\/blog\/wp-content\/uploads\/2020\/01\/Gruzja_Plecak_Miltec_Us_Assault_36_Danieluk_005-1024x683.jpg 1024w, https:\/\/robertdanieluk.com\/blog\/wp-content\/uploads\/2020\/01\/Gruzja_Plecak_Miltec_Us_Assault_36_Danieluk_005-150x100.jpg 150w, https:\/\/robertdanieluk.com\/blog\/wp-content\/uploads\/2020\/01\/Gruzja_Plecak_Miltec_Us_Assault_36_Danieluk_005-768x512.jpg 768w, https:\/\/robertdanieluk.com\/blog\/wp-content\/uploads\/2020\/01\/Gruzja_Plecak_Miltec_Us_Assault_36_Danieluk_005-600x400.jpg 600w, https:\/\/robertdanieluk.com\/blog\/wp-content\/uploads\/2020\/01\/Gruzja_Plecak_Miltec_Us_Assault_36_Danieluk_005-1536x1024.jpg 1536w, https:\/\/robertdanieluk.com\/blog\/wp-content\/uploads\/2020\/01\/Gruzja_Plecak_Miltec_Us_Assault_36_Danieluk_005-272x182.jpg 272w\" sizes=\"auto, (max-width: 1800px) 100vw, 1800px\" \/><br \/>\nB\u0119d\u0105c w Gruzji postanowi\u0142em podzieli\u0107 si\u0119 ma\u0142\u0105 recenzj\u0105 mojego plecaka. Od dawna jestem fanem r\u00f3\u017cnych toreb i plecak\u00f3w. Im cz\u0142owiek wi\u0119cej si\u0119 przemieszcza tym szuka plecaka, kt\u00f3ry spe\u0142ni jego oczekiwania. Tak\u017ce im wi\u0119cej si\u0119 podr\u00f3\u017cuje tym d\u0105\u017cy si\u0119 do tego by zabiera\u0107 mniej rzeczy, ale zawsze problemem by\u0142o zabieranie ze sob\u0105 sprz\u0119tu fotograficznego. Tutaj dziel\u0119 go na dwie cz\u0119\u015bci:<br \/>\n&#8211; ma\u0142y sprz\u0119t fotograficzny<br \/>\n&#8211; du\u017cy sprz\u0119t fotograficzny<\/p>\n<p style=\"text-align: justify;\">Na tym ma\u0142ym si\u0119 w og\u00f3le nie skupiam bo takie Fuji z serii X, mo\u017cna schowa\u0107 do kieszeni i po problemie. Jednak je\u015bli planujemy w podr\u00f3\u017c zabra\u0107 lustrzank\u0119 lub co\u015b podobnego z dodatkowymi obiektywami to zaczynaj\u0105 si\u0119 schody. W moim wypadku chodzi o kilka fant\u00f3w i osprz\u0119t, kt\u00f3ry swoje wa\u017cy i zajmuje. Pami\u0119tam, \u017ce na moj\u0105 pierwsz\u0105 du\u017c\u0105 podr\u00f3\u017c zabra\u0142em dwa plecaki. Jeden 80 litrowy, drugi oko\u0142o 30. Z perspektywy dzisiejszych wyjazd\u00f3w to by\u0142 kur#a dramat, ale w cz\u0142owieku zawsze b\u0119dzie takie przeczucie, \u017ce musi zabra\u0107 zawsze wi\u0119cej ni\u017c potrzebuje. Uwierzcie mi, \u017ce to tak nie musi wygl\u0105da\u0107. Ze 110 litr\u00f3w mo\u017cna zej\u015b\u0107 do 15 litr\u00f3w. Wielko\u015b\u0107 i ilo\u015b\u0107 posiadanych rzeczy narzuca nam \u015brodek transportu oraz rodzaj podr\u00f3\u017cy. Oczywi\u015bcie jak jad\u0119 samochodem z ogromnym baga\u017cnikiem to mog\u0119 pozwoli\u0107 sobie na wi\u0119cej i dzi\u0119ki temu zabieram zawsze swoj\u0105 poduszk\u0119. W podro\u017cy lotniczej tak ju\u017c nie jest. Oko\u0142o 80-85% moich podr\u00f3\u017cy samolotem jest ograniczona wielko\u015bci\u0105 baga\u017cu. Zazwyczaj jest to baga\u017c podr\u0119czny, a poniewa\u017c staram si\u0119 lata\u0107 Wizzairem (zamieni\u0142em go z Ryanaira i to by\u0142a zmiana na plus) to przy prawie ka\u017cdym locie na pok\u0142ad mog\u0119 wnie\u015b\u0107 baga\u017c podr\u0119czny (10 kg) i ma\u0142\u0105 torebk\u0119\/plecaczek. To mo\u017ce by\u0107 w\u0142a\u015bnie plecaczek do 15 litr\u00f3w. Mam taki jeden, kt\u00f3ry kiedy\u015b kupi\u0142em sobie na wyjazd do Kijowa i od tamtej pory wielokrotnie podr\u00f3\u017cowa\u0142 ze mn\u0105. Lubi\u0119 mie\u0107 takie rzeczy, kt\u00f3re dla mnie maj\u0105 w sobie histori\u0119, wspomnienia. S\u0105 podniszczone po wielu drogach, a ka\u017cdy brud o czym\u015b m\u00f3wi. Mam jedn\u0105 kurtk\u0119, kt\u00f3r\u0105 rozerwa\u0142em na wysoko\u015bci \u0142okcia. Do dzi\u015b jest rozerwana, a \u017cal mi j\u0105 zszywa\u0107. Uszkodzi\u0142em j\u0105 na Ukrainie w 2004 roku jak pr\u00f3bowa\u0142em dosta\u0107 si\u0119 do jednego domu i walczy\u0142em z ogrodzeniem. \u015alad zosta\u0142. Wspomnienia te\u017c. Pami\u0119tam ten ma\u0142y pok\u00f3j, na g\u00f3rze rega\u0142u pouk\u0142adane zabawki, a gospodarz domu la\u0142 w\u00f3dk\u0119.<\/p>\n<figure id=\"attachment_10416\" aria-describedby=\"caption-attachment-10416\" style=\"width: 300px\" class=\"wp-caption alignleft\"><img loading=\"lazy\" decoding=\"async\" class=\"wp-image-10416 size-medium\" src=\"https:\/\/robertdanieluk.com\/blog\/wp-content\/uploads\/2020\/01\/Insert-300x300.jpg\" alt=\"Insert fotografuczny\" width=\"300\" height=\"300\" srcset=\"https:\/\/robertdanieluk.com\/blog\/wp-content\/uploads\/2020\/01\/Insert-300x300.jpg 300w, https:\/\/robertdanieluk.com\/blog\/wp-content\/uploads\/2020\/01\/Insert-1024x1024.jpg 1024w, https:\/\/robertdanieluk.com\/blog\/wp-content\/uploads\/2020\/01\/Insert-150x150.jpg 150w, https:\/\/robertdanieluk.com\/blog\/wp-content\/uploads\/2020\/01\/Insert-768x768.jpg 768w, https:\/\/robertdanieluk.com\/blog\/wp-content\/uploads\/2020\/01\/Insert.jpg 1200w\" sizes=\"auto, (max-width: 300px) 100vw, 300px\" \/><figcaption id=\"caption-attachment-10416\" class=\"wp-caption-text\">Przyk\u0142adowy insert z Chin<\/figcaption><\/figure>\n<p style=\"text-align: justify;\">Przejd\u0119 zatem do sedna sprawy. Jak si\u0119 spakowa\u0107 w plecak i zabra\u0107 sprz\u0119t? Cz\u0119sto ludzie szukaj\u0105 plecaka fotograficznego, ale do niego ci\u0119\u017cko spakowa\u0107 ubrania. S\u0105 takie p\u00f3\u0142 na p\u00f3\u0142, ale nie jestem ich fanem bo one narzucaj\u0105 mi sporo ogranicze\u0144. Dlatego te\u017c jednym z rozwi\u0105za\u0144, kt\u00f3re stosuj\u0119 jest insert, kt\u00f3ry kupi\u0142em cztery lata temu na Aliexpress za 10 dolar\u00f3w. Sprawdza si\u0119 do dzi\u015b. Jego ogromn\u0105 zalet\u0105 jest fakt, \u017ce po pierwsze mo\u017cna do niego wsadzi\u0107 bardzo du\u017co! Po drugie mo\u017cna go wyj\u0105\u0107 i w\u0142o\u017cy\u0107 do innej torby. Takiej kt\u00f3ra w \u017caden spos\u00f3b nie przypomina torby fotograficznej. I to jest dla mnie bardzo wa\u017cne bo jednak du\u017cy plecak fotograficzny od razu m\u00f3wi co mamy w \u015brodku. Wiadomo mo\u017ce jest wygodniej, ale podr\u00f3\u017c uczy cz\u0142owieka by zawsze by\u0142 kilka my\u015bli do przodu i zwyczajnie warto trzyma\u0107 si\u0119 pewnych zasad. I tu insert jest lekiem na ca\u0142e z\u0142o.<\/p>\n<p style=\"text-align: justify;\">D\u0142ugo szuka\u0142em idealnego rozwi\u0105zania. Jak zabra\u0107 rzeczy i sprz\u0119t. I tak w moje r\u0119ce trafi\u0142 fajny &#8222;wojskowy&#8221; plecak, kt\u00f3ry nie wszystkim mo\u017ce przypa\u015b\u0107 do gustu. Do tego klasycznie oliwkowa flaga. Nie inaczej. Plecak jest bardzo wygodny, nawet jak jest ubity pod korek. Ma dwie kieszenie oraz dwie takie ma\u0142e na froncie. Najwi\u0119ksz\u0105 zalet\u0105 tego plecaka jest spos\u00f3b rozk\u0142adania. Dzi\u0119ki temu mo\u017cna szybko co\u015b z niego wyj\u0105\u0107, w\u0142o\u017cy\u0107, zamkn\u0105\u0107. Na zdj\u0119ciu na dole mo\u017ce wydawa\u0107 si\u0119, \u017ce pozostaje ma\u0142o miejsca do zapakowania odzie\u017cy. Ja korzystam z organizer\u00f3w, kt\u00f3re zreszt\u0105 musz\u0119 kupi\u0107 w nowej wersji bo te co mam po 4 latach u\u017cytkowania si\u0119 sypi\u0105. To woreczki w formacie A4, kt\u00f3re za zamkni\u0119cie maj\u0105 siateczk\u0119. Dzi\u0119ki temu mo\u017cna w to w\u0142o\u017cy\u0107 du\u017co, a dzi\u0119ki kompresji nie zajmuje to wiele miejsca. Na tygodniowy wyjazd do Gruzji zabra\u0142em dwa takie organizery. Pomie\u015bci\u0142em tam wszystko co potrzebowa\u0142em, a nawet o jedn\u0105 bluz\u0119 za du\u017co. Chodzi mi po g\u0142owie by zrobi\u0107 wpis jak si\u0119 spakowa\u0107 i co zabra\u0107, bo to chodzi mi po g\u0142owie.<\/p>\n<p style=\"text-align: justify;\">Ten plecak to <span style=\"text-decoration: underline;\">MIL-TEC US ASSAULT Taktyczny Plecak 36L wersja OLIVE<\/span>. My\u015bl\u0119, \u017ce po trzech wyjazdach to dopiero pocz\u0105tek naszej d\u0142ugiej przyja\u017ani. Generalnie od jakiego\u015b czasu w mojej szafie przybywa du\u017co takich militarnych sprz\u0119t\u00f3w bo musz\u0119 powiedzie\u0107, \u017ce one bardzo sprawdzaj\u0105 si\u0119 w codziennym u\u017cytkowaniu i podr\u00f3\u017cach o kt\u00f3rych g\u0142\u00f3wnie pisz\u0119. Komfort to podstawa.<\/p>\n<p style=\"text-align: justify;\"><img loading=\"lazy\" decoding=\"async\" class=\"alignnone size-full wp-image-10413\" src=\"https:\/\/robertdanieluk.com\/blog\/wp-content\/uploads\/2020\/01\/Gruzja_Plecak_Miltec_Us_Assault_36_Danieluk_001.jpg\" alt=\"\" width=\"2422\" height=\"1800\" srcset=\"https:\/\/robertdanieluk.com\/blog\/wp-content\/uploads\/2020\/01\/Gruzja_Plecak_Miltec_Us_Assault_36_Danieluk_001.jpg 2422w, https:\/\/robertdanieluk.com\/blog\/wp-content\/uploads\/2020\/01\/Gruzja_Plecak_Miltec_Us_Assault_36_Danieluk_001-300x223.jpg 300w, https:\/\/robertdanieluk.com\/blog\/wp-content\/uploads\/2020\/01\/Gruzja_Plecak_Miltec_Us_Assault_36_Danieluk_001-1024x761.jpg 1024w, https:\/\/robertdanieluk.com\/blog\/wp-content\/uploads\/2020\/01\/Gruzja_Plecak_Miltec_Us_Assault_36_Danieluk_001-150x111.jpg 150w, https:\/\/robertdanieluk.com\/blog\/wp-content\/uploads\/2020\/01\/Gruzja_Plecak_Miltec_Us_Assault_36_Danieluk_001-768x571.jpg 768w, https:\/\/robertdanieluk.com\/blog\/wp-content\/uploads\/2020\/01\/Gruzja_Plecak_Miltec_Us_Assault_36_Danieluk_001-1536x1142.jpg 1536w, https:\/\/robertdanieluk.com\/blog\/wp-content\/uploads\/2020\/01\/Gruzja_Plecak_Miltec_Us_Assault_36_Danieluk_001-2048x1522.jpg 2048w\" sizes=\"auto, (max-width: 2422px) 100vw, 2422px\" \/> <img loading=\"lazy\" decoding=\"async\" class=\"alignnone size-full wp-image-10414\" src=\"https:\/\/robertdanieluk.com\/blog\/wp-content\/uploads\/2020\/01\/Gruzja_Plecak_Miltec_Us_Assault_36_Danieluk_002.jpg\" alt=\"\" width=\"2422\" height=\"1800\" srcset=\"https:\/\/robertdanieluk.com\/blog\/wp-content\/uploads\/2020\/01\/Gruzja_Plecak_Miltec_Us_Assault_36_Danieluk_002.jpg 2422w, https:\/\/robertdanieluk.com\/blog\/wp-content\/uploads\/2020\/01\/Gruzja_Plecak_Miltec_Us_Assault_36_Danieluk_002-300x223.jpg 300w, https:\/\/robertdanieluk.com\/blog\/wp-content\/uploads\/2020\/01\/Gruzja_Plecak_Miltec_Us_Assault_36_Danieluk_002-1024x761.jpg 1024w, https:\/\/robertdanieluk.com\/blog\/wp-content\/uploads\/2020\/01\/Gruzja_Plecak_Miltec_Us_Assault_36_Danieluk_002-150x111.jpg 150w, https:\/\/robertdanieluk.com\/blog\/wp-content\/uploads\/2020\/01\/Gruzja_Plecak_Miltec_Us_Assault_36_Danieluk_002-768x571.jpg 768w, https:\/\/robertdanieluk.com\/blog\/wp-content\/uploads\/2020\/01\/Gruzja_Plecak_Miltec_Us_Assault_36_Danieluk_002-1536x1142.jpg 1536w, https:\/\/robertdanieluk.com\/blog\/wp-content\/uploads\/2020\/01\/Gruzja_Plecak_Miltec_Us_Assault_36_Danieluk_002-2048x1522.jpg 2048w\" sizes=\"auto, (max-width: 2422px) 100vw, 2422px\" \/><\/p>\n","protected":false},"excerpt":{"rendered":"<p>B\u0119d\u0105c w Gruzji postanowi\u0142em podzieli\u0107 si\u0119 ma\u0142\u0105 recenzj\u0105 mojego plecaka. Od dawna jestem fanem r\u00f3\u017cnych toreb i plecak\u00f3w. Im cz\u0142owiek wi\u0119cej si\u0119 przemieszcza tym szuka plecaka, kt\u00f3ry spe\u0142ni jego oczekiwania. Tak\u017ce im wi\u0119cej si\u0119 podr\u00f3\u017cuje tym d\u0105\u017cy si\u0119 do tego by zabiera\u0107 mniej rzeczy, ale zawsze problemem by\u0142o zabieranie ze sob\u0105 sprz\u0119tu fotograficznego. Tutaj dziel\u0119 [&hellip;]<\/p>\n","protected":false},"author":1,"featured_media":10415,"comment_status":"open","ping_status":"open","sticky":false,"template":"","format":"standard","meta":{"footnotes":""},"categories":[1465,1923],"tags":[835,1924,1928,1925,1926,754,590,1927],"class_list":["post-10412","post","type-post","status-publish","format-standard","has-post-thumbnail","hentry","category-gruzja","category-podroz","tag-gruzja","tag-mil-tec","tag-pakowanie-w-podrozy","tag-plecak","tag-plecak-fotograficzny","tag-podrozowanie","tag-torba","tag-torba-fotograficzna"],"blocksy_meta":[],"_links":{"self":[{"href":"https:\/\/robertdanieluk.com\/blog\/wp-json\/wp\/v2\/posts\/10412","targetHints":{"allow":["GET"]}}],"collection":[{"href":"https:\/\/robertdanieluk.com\/blog\/wp-json\/wp\/v2\/posts"}],"about":[{"href":"https:\/\/robertdanieluk.com\/blog\/wp-json\/wp\/v2\/types\/post"}],"author":[{"embeddable":true,"href":"https:\/\/robertdanieluk.com\/blog\/wp-json\/wp\/v2\/users\/1"}],"replies":[{"embeddable":true,"href":"https:\/\/robertdanieluk.com\/blog\/wp-json\/wp\/v2\/comments?post=10412"}],"version-history":[{"count":3,"href":"https:\/\/robertdanieluk.com\/blog\/wp-json\/wp\/v2\/posts\/10412\/revisions"}],"predecessor-version":[{"id":10419,"href":"https:\/\/robertdanieluk.com\/blog\/wp-json\/wp\/v2\/posts\/10412\/revisions\/10419"}],"wp:featuredmedia":[{"embeddable":true,"href":"https:\/\/robertdanieluk.com\/blog\/wp-json\/wp\/v2\/media\/10415"}],"wp:attachment":[{"href":"https:\/\/robertdanieluk.com\/blog\/wp-json\/wp\/v2\/media?parent=10412"}],"wp:term":[{"taxonomy":"category","embeddable":true,"href":"https:\/\/robertdanieluk.com\/blog\/wp-json\/wp\/v2\/categories?post=10412"},{"taxonomy":"post_tag","embeddable":true,"href":"https:\/\/robertdanieluk.com\/blog\/wp-json\/wp\/v2\/tags?post=10412"}],"curies":[{"name":"wp","href":"https:\/\/api.w.org\/{rel}","templated":true}]}}