{"id":10883,"date":"2006-11-01T12:49:13","date_gmt":"2006-11-01T11:49:13","guid":{"rendered":"http:\/\/robertdanieluk.com\/blog\/?p=10883"},"modified":"2020-05-07T12:53:02","modified_gmt":"2020-05-07T10:53:02","slug":"cmentarz-wolski-2","status":"publish","type":"post","link":"https:\/\/robertdanieluk.com\/blog\/2006\/11\/01\/cmentarz-wolski-2\/","title":{"rendered":"Cmentarz Wolski"},"content":{"rendered":"<p style=\"text-align: justify;\"><img loading=\"lazy\" decoding=\"async\" class=\"alignnone size-full wp-image-10884\" src=\"https:\/\/robertdanieluk.com\/blog\/wp-content\/uploads\/2020\/05\/1157.jpg\" alt=\"\" width=\"700\" height=\"467\" srcset=\"https:\/\/robertdanieluk.com\/blog\/wp-content\/uploads\/2020\/05\/1157.jpg 700w, https:\/\/robertdanieluk.com\/blog\/wp-content\/uploads\/2020\/05\/1157-300x200.jpg 300w, https:\/\/robertdanieluk.com\/blog\/wp-content\/uploads\/2020\/05\/1157-150x100.jpg 150w, https:\/\/robertdanieluk.com\/blog\/wp-content\/uploads\/2020\/05\/1157-600x400.jpg 600w, https:\/\/robertdanieluk.com\/blog\/wp-content\/uploads\/2020\/05\/1157-272x182.jpg 272w\" sizes=\"auto, (max-width: 700px) 100vw, 700px\" \/><br \/>\n\u015awieci s\u0142o\u0144ce, zaraz zawieje wiatr, spadnie grad. Typowa pogoda 1-szego dnia Listopada. Obok Pana z pomara\u0144czowym balonikiem stoi cierp z brz\u0119cz\u0105cymi zabawkami. Ludzie w \u015bcisku przemieszczaj\u0105 si\u0119 jak tradycja nakazuje. Byle szybciej, byle znicz, byle do domu na w\u00f3dk\u0119. Nie poka\u017c\u0119 kolorowych zniczy, pi\u0119knych \u017c\u00f3\u0142tych li\u015bci, ujmuj\u0105cych drogich wi\u0105zanek czy wiatru. Ona z dzieckiem siedzi na ziemi a Pan obok niej czeka na swoj\u0105 kolej, palce mu dzi\u015b zmarz\u0142y a przecie\u017c trzeba szybko wyj\u015b\u0107 &#8211; a ja pretensji do niego dzi\u015b nie mam.<\/p>\n","protected":false},"excerpt":{"rendered":"<p>\u015awieci s\u0142o\u0144ce, zaraz zawieje wiatr, spadnie grad. Typowa pogoda 1-szego dnia Listopada. Obok Pana z pomara\u0144czowym balonikiem stoi cierp z brz\u0119cz\u0105cymi zabawkami. Ludzie w \u015bcisku przemieszczaj\u0105 si\u0119 jak tradycja nakazuje. Byle szybciej, byle znicz, byle do domu na w\u00f3dk\u0119. Nie poka\u017c\u0119 kolorowych zniczy, pi\u0119knych \u017c\u00f3\u0142tych li\u015bci, ujmuj\u0105cych drogich wi\u0105zanek czy wiatru. Ona z dzieckiem siedzi [&hellip;]<\/p>\n","protected":false},"author":1,"featured_media":10884,"comment_status":"open","ping_status":"open","sticky":false,"template":"","format":"standard","meta":{"footnotes":""},"categories":[14],"tags":[1968,1967,967],"class_list":["post-10883","post","type-post","status-publish","format-standard","has-post-thumbnail","hentry","category-warszawa","tag-cmentarz-wolski","tag-swieto-zmarlych","tag-warszawa"],"blocksy_meta":[],"_links":{"self":[{"href":"https:\/\/robertdanieluk.com\/blog\/wp-json\/wp\/v2\/posts\/10883","targetHints":{"allow":["GET"]}}],"collection":[{"href":"https:\/\/robertdanieluk.com\/blog\/wp-json\/wp\/v2\/posts"}],"about":[{"href":"https:\/\/robertdanieluk.com\/blog\/wp-json\/wp\/v2\/types\/post"}],"author":[{"embeddable":true,"href":"https:\/\/robertdanieluk.com\/blog\/wp-json\/wp\/v2\/users\/1"}],"replies":[{"embeddable":true,"href":"https:\/\/robertdanieluk.com\/blog\/wp-json\/wp\/v2\/comments?post=10883"}],"version-history":[{"count":1,"href":"https:\/\/robertdanieluk.com\/blog\/wp-json\/wp\/v2\/posts\/10883\/revisions"}],"predecessor-version":[{"id":10924,"href":"https:\/\/robertdanieluk.com\/blog\/wp-json\/wp\/v2\/posts\/10883\/revisions\/10924"}],"wp:featuredmedia":[{"embeddable":true,"href":"https:\/\/robertdanieluk.com\/blog\/wp-json\/wp\/v2\/media\/10884"}],"wp:attachment":[{"href":"https:\/\/robertdanieluk.com\/blog\/wp-json\/wp\/v2\/media?parent=10883"}],"wp:term":[{"taxonomy":"category","embeddable":true,"href":"https:\/\/robertdanieluk.com\/blog\/wp-json\/wp\/v2\/categories?post=10883"},{"taxonomy":"post_tag","embeddable":true,"href":"https:\/\/robertdanieluk.com\/blog\/wp-json\/wp\/v2\/tags?post=10883"}],"curies":[{"name":"wp","href":"https:\/\/api.w.org\/{rel}","templated":true}]}}