{"id":2781,"date":"2014-03-24T14:15:35","date_gmt":"2014-03-24T13:15:35","guid":{"rendered":"http:\/\/robertdanieluk.com\/blog\/?p=2781"},"modified":"2014-03-24T14:15:35","modified_gmt":"2014-03-24T13:15:35","slug":"czterdziesci","status":"publish","type":"post","link":"https:\/\/robertdanieluk.com\/blog\/2014\/03\/24\/czterdziesci\/","title":{"rendered":"Czterdzie\u015bci"},"content":{"rendered":"<p style=\"text-align: justify;\"><img loading=\"lazy\" decoding=\"async\" class=\"alignnone size-full wp-image-2782\" alt=\"40mm 2.8\" src=\"https:\/\/robertdanieluk.com\/blog\/wp-content\/uploads\/2014\/03\/5179.jpg\" width=\"900\" height=\"600\" srcset=\"https:\/\/robertdanieluk.com\/blog\/wp-content\/uploads\/2014\/03\/5179.jpg 900w, https:\/\/robertdanieluk.com\/blog\/wp-content\/uploads\/2014\/03\/5179-300x200.jpg 300w\" sizes=\"auto, (max-width: 900px) 100vw, 900px\" \/><br \/>\nZa oknem pada wi\u0119c czas zaj\u0105\u0107 si\u0119 sprawami z mojego plecaka. Od wrze\u015bnie zesz\u0142ego roku, prawie 90% fotografii robione jest tym ma\u0142ym, praktycznym i bardzo ostrym obiektywem. Zalet jego wiele. Jest tak ma\u0142y, \u017ce aparat pod kurtk\u0105 nie rzuca si\u0119 w oczy, nawet wisz\u0105cy na ramieniu te\u017c nie krzyczy. Jest cichy, nawet szalenie cichy i szybki. Do tego bardzo ostry. Z jego wad, a mo\u017ce to tak\u017ce zaleta to, \u017ce przy 2.8 winietuje, co w zasadzie dodaje uroku.<\/p>\n<p style=\"text-align: justify;\">Canon 40mm 2.8 to z jednej strony dziwna ogniskowa. Ni to klasyczne 35mm, czy \u015bwietne 50mm to jednak kto\u015b wpad\u0142 na pomys\u0142 kompromisu i wysz\u0142o to super. Dobry jest tak\u017ce do filmowania.<\/p>\n<p style=\"text-align: justify;\">Warto poleca\u0107 co\u015b co zwyczajnie jest dobre i tanie :) prawda?<\/p>\n","protected":false},"excerpt":{"rendered":"<p>Za oknem pada wi\u0119c czas zaj\u0105\u0107 si\u0119 sprawami z mojego plecaka. Od wrze\u015bnie zesz\u0142ego roku, prawie 90% fotografii robione jest tym ma\u0142ym, praktycznym i bardzo ostrym obiektywem. Zalet jego wiele. Jest tak ma\u0142y, \u017ce aparat pod kurtk\u0105 nie rzuca si\u0119 w oczy, nawet wisz\u0105cy na ramieniu te\u017c nie krzyczy. Jest cichy, nawet szalenie cichy i [&hellip;]<\/p>\n","protected":false},"author":1,"featured_media":0,"comment_status":"open","ping_status":"open","sticky":false,"template":"","format":"standard","meta":{"footnotes":""},"categories":[259,301],"tags":[763,761,128,764,765,762],"class_list":["post-2781","post","type-post","status-publish","format-standard","hentry","category-ja","category-opole","tag-40mm","tag-canon","tag-mysli","tag-obiektyw","tag-polecam","tag-sprzet"],"blocksy_meta":[],"_links":{"self":[{"href":"https:\/\/robertdanieluk.com\/blog\/wp-json\/wp\/v2\/posts\/2781","targetHints":{"allow":["GET"]}}],"collection":[{"href":"https:\/\/robertdanieluk.com\/blog\/wp-json\/wp\/v2\/posts"}],"about":[{"href":"https:\/\/robertdanieluk.com\/blog\/wp-json\/wp\/v2\/types\/post"}],"author":[{"embeddable":true,"href":"https:\/\/robertdanieluk.com\/blog\/wp-json\/wp\/v2\/users\/1"}],"replies":[{"embeddable":true,"href":"https:\/\/robertdanieluk.com\/blog\/wp-json\/wp\/v2\/comments?post=2781"}],"version-history":[{"count":1,"href":"https:\/\/robertdanieluk.com\/blog\/wp-json\/wp\/v2\/posts\/2781\/revisions"}],"predecessor-version":[{"id":2783,"href":"https:\/\/robertdanieluk.com\/blog\/wp-json\/wp\/v2\/posts\/2781\/revisions\/2783"}],"wp:attachment":[{"href":"https:\/\/robertdanieluk.com\/blog\/wp-json\/wp\/v2\/media?parent=2781"}],"wp:term":[{"taxonomy":"category","embeddable":true,"href":"https:\/\/robertdanieluk.com\/blog\/wp-json\/wp\/v2\/categories?post=2781"},{"taxonomy":"post_tag","embeddable":true,"href":"https:\/\/robertdanieluk.com\/blog\/wp-json\/wp\/v2\/tags?post=2781"}],"curies":[{"name":"wp","href":"https:\/\/api.w.org\/{rel}","templated":true}]}}