{"id":3600,"date":"2014-12-31T16:04:40","date_gmt":"2014-12-31T15:04:40","guid":{"rendered":"http:\/\/robertdanieluk.com\/blog\/?p=3600"},"modified":"2014-12-31T16:10:13","modified_gmt":"2014-12-31T15:10:13","slug":"jaki-byl-2014-rok","status":"publish","type":"post","link":"https:\/\/robertdanieluk.com\/blog\/2014\/12\/31\/jaki-byl-2014-rok\/","title":{"rendered":"Jaki by\u0142 2014 rok?"},"content":{"rendered":"<p style=\"text-align: justify;\">Zawsze pod koniec roku czas na ma\u0142e podsumowania tego co w\u0142a\u015bnie si\u0119 ko\u0144czy. Poprzedni rok by\u0142 tak samo aktywny jak ten, chocia\u017c w \u017caden spos\u00f3b nie da si\u0119 go por\u00f3wna\u0107. Wiem, \u017ce ten nast\u0119pny b\u0119dzie takim po\u0142\u0105czeniem 2014 i 2013. Tak czuj\u0119. Zawsze gdy ko\u0144czy si\u0119 rok zliczam kilometry, podr\u00f3\u017ce, przegl\u0105dam moje elektryczne szuflady pami\u0119ci. Takie podsumowania s\u0105 dobre bo mo\u017cna sobie jasno powiedzie\u0107 czego si\u0119 nie zrobi\u0142o, a ile si\u0119 zrobi\u0142o. Konkretne fakty. Przy okazji w notesie lista z &#8222;2014&#8221; zostanie kolejny raz zweryfikowana na papierze i z &#8222;2015&#8221; zostan\u0105 dopisane punkty z poprzedniego roku i lista \u017cycze\u0144.<\/p>\n<p style=\"text-align: justify;\">Podr\u00f3\u017c po 2014 czas zacz\u0105\u0107. By \u0142atwiej mi by\u0142o wrzucam mapk\u0119 miejsc kt\u00f3re uda\u0142o si\u0119 odwiedzi\u0107 w tym roku. Postaram si\u0119 wrzuci\u0107 ma\u0142e fotograficzne podsumowanie, kt\u00f3re sk\u0142oni mnie do przeszperania mojego archiwum. Je\u015bli kto\u015b prowadzi jakie\u015b fotograficzne archiwum, to taka podr\u00f3\u017c przez 12 miesi\u0119cy du\u017co wam da i do tego was zach\u0119cam! :)<\/p>\n<p style=\"text-align: justify;\"><a href=\"https:\/\/robertdanieluk.com\/blog\/wp-content\/uploads\/2014\/12\/2014.png\"><img loading=\"lazy\" decoding=\"async\" class=\" size-full wp-image-3601 aligncenter\" src=\"https:\/\/robertdanieluk.com\/blog\/wp-content\/uploads\/2014\/12\/2014.png\" alt=\"2014\" width=\"960\" height=\"589\" srcset=\"https:\/\/robertdanieluk.com\/blog\/wp-content\/uploads\/2014\/12\/2014.png 960w, https:\/\/robertdanieluk.com\/blog\/wp-content\/uploads\/2014\/12\/2014-300x184.png 300w\" sizes=\"auto, (max-width: 960px) 100vw, 960px\" \/><\/a><\/p>\n<h2 style=\"text-align: justify;\"><strong>Stycze\u0144<\/strong><\/h2>\n<p style=\"text-align: justify;\"><img loading=\"lazy\" decoding=\"async\" class=\"aligncenter size-full wp-image-3612\" src=\"https:\/\/robertdanieluk.com\/blog\/wp-content\/uploads\/2014\/12\/Styczen_2014.jpg\" alt=\"Styczen_2014\" width=\"960\" height=\"640\" srcset=\"https:\/\/robertdanieluk.com\/blog\/wp-content\/uploads\/2014\/12\/Styczen_2014.jpg 960w, https:\/\/robertdanieluk.com\/blog\/wp-content\/uploads\/2014\/12\/Styczen_2014-300x200.jpg 300w\" sizes=\"auto, (max-width: 960px) 100vw, 960px\" \/><\/p>\n<p style=\"text-align: justify;\">Moje fotoblogowanie trwa ju\u017c 10 lat. Poprzez r\u00f3\u017cne migracje serwerowe nie zaktualizowa\u0142em jeszcze tej strony o stare wpisy, ale najpewniej to poczyni\u0119 w 2016 roku :) i tak jak sobie obieca\u0142em zrobi\u0119 jaki\u015b ma\u0142y album fotograficzny z tej okazji. Stycze\u0144 min\u0105\u0142 mi na podr\u00f3\u017cach mi\u0119dzy Warszaw\u0105, a Opolem. Najlepsze jest to, \u017ce patrz\u0105c na moje archiwum cz\u0142owiek nie zdaje sobie sprawy jak \u017cycie bywa &#8222;wywrotowe&#8221;, szczeg\u00f3lnie kiedy pisz\u0119 dzi\u015b ten wpis. Na plus, plus, plus!<\/p>\n<p style=\"text-align: justify;\">Na fotografii Pawe\u0142 Hajnos, kt\u00f3ry pozowa\u0142 mi na opuszczonych basenach Skry w Warszawie.<\/p>\n<h2 style=\"text-align: justify;\"><strong>Luty<\/strong><\/h2>\n<h2 style=\"text-align: justify;\"><img loading=\"lazy\" decoding=\"async\" class=\"aligncenter size-full wp-image-3613\" src=\"https:\/\/robertdanieluk.com\/blog\/wp-content\/uploads\/2014\/12\/Luty_2014.jpg\" alt=\"Luty_2014\" width=\"960\" height=\"640\" srcset=\"https:\/\/robertdanieluk.com\/blog\/wp-content\/uploads\/2014\/12\/Luty_2014.jpg 960w, https:\/\/robertdanieluk.com\/blog\/wp-content\/uploads\/2014\/12\/Luty_2014-300x200.jpg 300w\" sizes=\"auto, (max-width: 960px) 100vw, 960px\" \/><\/h2>\n<p style=\"text-align: justify;\">15 lutego pojecha\u0142em pod Rotund\u0119 (budynek PKO w centrum Warszawy). Tego dnia mija\u0142o dok\u0142adnie 35 lat od tragicznego wybuchu gazu. Wpad\u0142em na pomys\u0142 by wykorzysta\u0107 fotografi\u0119 mojego kolegi Zbyszka Furmana, kt\u00f3ry fotografowa\u0142 to miejsce 15 i 16 lutego 1979 roku. Po\u0142\u0105czy\u0142em dwa pokolenia i trzy i p\u00f3\u0142 dekady historii.<\/p>\n<p style=\"text-align: justify;\">W lutym zacz\u0105\u0142em pisa\u0107 moj\u0105 prac\u0119 magistersk\u0105. To by\u0142 ci\u0119\u017cki miesi\u0105c bo z pocz\u0105tkiem marca musia\u0142em j\u0105 odda\u0107, a na horyzoncie mia\u0142em kolejny ciekawy wyjazd. I trzeba pami\u0119ta\u0107, \u017ce jak pisze si\u0119 prac\u0119 w miesi\u0105c, a nie p\u00f3\u0142 roku to nie mo\u017ce ona by\u0107 rewelacyjna, szczeg\u00f3lnie \u017ce pierwsza jej wersja zosta\u0142a odrzucona z mojej winy. Pierwsze 60 stron posz\u0142o prawie do kosza. Mimo to po raz kolejny odkry\u0142em, \u017ce pisanie tekst\u00f3w w BUW-ie (Biblioteka Uniwersytetu Warszawskiego) to \u015bwietne miejsce by si\u0119 skupi\u0107 i pisa\u0107.<\/p>\n<h2 style=\"text-align: justify;\"><strong>Marzec<br \/>\n<\/strong><br \/>\n<img loading=\"lazy\" decoding=\"async\" class=\"aligncenter size-full wp-image-3617\" src=\"https:\/\/robertdanieluk.com\/blog\/wp-content\/uploads\/2014\/12\/Marzec_2014.jpg\" alt=\"Marzec_2014\" width=\"960\" height=\"640\" srcset=\"https:\/\/robertdanieluk.com\/blog\/wp-content\/uploads\/2014\/12\/Marzec_2014.jpg 960w, https:\/\/robertdanieluk.com\/blog\/wp-content\/uploads\/2014\/12\/Marzec_2014-300x200.jpg 300w\" sizes=\"auto, (max-width: 960px) 100vw, 960px\" \/><\/h2>\n<p style=\"text-align: justify;\">Marzec rozpocz\u0105\u0142 u nas 1,5 miesi\u0119czny maraton podr\u00f3\u017cowania. Pierwszym etapem by\u0142 Izrael, a sko\u0144czyli\u015bmy to na fotografowaniu dla <a href=\"http:\/\/artlove.pl\">artlove.pl<\/a> \u015blubu we W\u0142oszech. Ale marzec nale\u017cy w mojej g\u0142owie tylko do Izraela. Opisywa\u0142em na blogu podr\u00f3\u017c do tego miejsca (<a href=\"https:\/\/robertdanieluk.com\/blog\/2014\/03\/page\/4\/\">marzec<\/a>) i dzi\u015b te\u017c mocno my\u015blimy o tym by tam wr\u00f3ci\u0107. Nawet by\u0142 ambitny plan polecie\u0107 tam w styczniu 2015 roku, ale nasze plany zosta\u0142y szybko zweryfikowane :) ale nie ucieknie! Generalnie Izrael by\u0142 czarn\u0105 kropk\u0105 na mojej mapie wiedzy i pewnej \u015bwiadomo\u015bci. Na szcz\u0119\u015bcie pod tym czarnym punktem okaza\u0142 mi si\u0119 kraj przepi\u0119kny! I nie m\u00f3wi\u0119 tu o religii, kt\u00f3ra akurat przy tej podr\u00f3\u017cy mia\u0142a najmniej do gadania. Rejony Morza Martwego przyci\u0105gaj\u0105 mnie ponownie, a widok wielkiej g\u00f3ry, kt\u00f3ra cieszy\u0142a nasze oczy z hotelowego pokoju, prosi si\u0119 by zn\u00f3w j\u0105 zobaczy\u0107. Tak, chc\u0119 tam wr\u00f3ci\u0107. I dla przypomnienia nasz wsp\u00f3lny film z tego wyjazdu:<\/p>\n<p style=\"text-align: justify;\"><iframe loading=\"lazy\" src=\"\/\/player.vimeo.com\/video\/97239218?byline=0&amp;portrait=0\" width=\"960\" height=\"540\" frameborder=\"0\" allowfullscreen=\"allowfullscreen\"><\/iframe><\/p>\n<p style=\"text-align: justify;\">Na fotografii Kasia, kt\u00f3ra wchodzi do Morza Martwego blisko granicy z Palestyn\u0105.<\/p>\n<h2 style=\"text-align: justify;\"><strong>Kwiecie\u0144<\/strong><\/h2>\n<p style=\"text-align: justify;\"><img loading=\"lazy\" decoding=\"async\" class=\"aligncenter size-full wp-image-3629\" src=\"https:\/\/robertdanieluk.com\/blog\/wp-content\/uploads\/2014\/12\/Kwiecien_2014.jpg\" alt=\"Kwiecien_2014\" width=\"960\" height=\"640\" srcset=\"https:\/\/robertdanieluk.com\/blog\/wp-content\/uploads\/2014\/12\/Kwiecien_2014.jpg 960w, https:\/\/robertdanieluk.com\/blog\/wp-content\/uploads\/2014\/12\/Kwiecien_2014-300x200.jpg 300w\" sizes=\"auto, (max-width: 960px) 100vw, 960px\" \/><br \/>\nKwiecie\u0144 kojarzy mi si\u0119 z dwoma rzeczami. Moje urodziny sp\u0119dzi\u0142em w Tr\u00f3jmie\u015bcie, a wszystko przez szalony p\u0119d z \u0141odzi do Warszawy, potem Modlin i lot do Gda\u0144ska. Tydzie\u0144 p\u00f3\u017aniej z Kasi\u0105 polecieli\u015bmy do Rzymu, a dalej na wsch\u00f3d by sfotografowa\u0107 za\u015blubiny pewnej polsko-w\u0142oskiej pary. Dzi\u0119ki temu mia\u0142em okazj\u0119 zwiedzi\u0107 Rzym bo nigdy wcze\u015bniej tam nie by\u0142em. Pi\u0119kna wiosna, idealna!<\/p>\n<p style=\"text-align: justify;\">Na fotografii s\u0142oneczna uliczka w Rzymie.<\/p>\n<h2 style=\"text-align: justify;\"><strong>Maj<\/strong><\/h2>\n<p style=\"text-align: justify;\"><img loading=\"lazy\" decoding=\"async\" class=\"aligncenter size-full wp-image-3632\" src=\"https:\/\/robertdanieluk.com\/blog\/wp-content\/uploads\/2014\/12\/Maj_2014.jpg\" alt=\"Mi\u0144sk | Bia\u0142oru\u015b | Danieluk\" width=\"960\" height=\"640\" srcset=\"https:\/\/robertdanieluk.com\/blog\/wp-content\/uploads\/2014\/12\/Maj_2014.jpg 960w, https:\/\/robertdanieluk.com\/blog\/wp-content\/uploads\/2014\/12\/Maj_2014-300x200.jpg 300w\" sizes=\"auto, (max-width: 960px) 100vw, 960px\" \/><br \/>\nMaj. Uko\u0144czy\u0142em studia w po\u0142owie miesi\u0105ca. Sta\u0142em si\u0119 absolwentem szko\u0142y filmowej w \u0141odzi. Mi\u0142e uczucie, serio! Cieszy mnie to bo sko\u0144czy\u0142em edukacj\u0119 i dzi\u015b nie bardzo mi si\u0119 widzi bym m\u00f3g\u0142 jeszcze gdzie\u015b studiowa\u0107. Zwyczajnie nie dla mnie to ju\u017c, czasu nie ma i czas w\u0142a\u015bciwi robi\u0107 inne rzeczy, ale nie ukrywam, troszk\u0119 t\u0119skno!<\/p>\n<p style=\"text-align: justify;\">W maju tak\u017ce pojecha\u0142em na Bia\u0142oru\u015b w sk\u0142adzie takim jaki chodzi\u0142 mi po g\u0142owie od pocz\u0105tku moich podr\u00f3\u017cy do Mi\u0144ska. Na Mistrzostwa \u015awiata w hokeju na lodzie w Mi\u0144sku, pojecha\u0142em z Tat\u0105 i Bratem. To by\u0142 fajny m\u0119ski wyjazd z wieloma smaczkami, dla ka\u017cdego z nas. Wjazd na Bia\u0142oru\u015b by\u0142 bezwizowy pod warunkiem posiadania biletu na mecz. Kupi\u0142em dla naszej tr\u00f3jki bilet na \u0107wier\u0107fina\u0142 i w zasadzie dopiero dzie\u0144 przed meczem dowiedzieli\u015bmy si\u0119, \u017ce trafimy na mecz Rosja &#8211; Francja (3:0). Sportowa Bia\u0142oru\u015b by\u0142a inna, milsza, s\u0142oneczna i ciep\u0142a. Drugi raz w \u017cyciu na granicy w Brze\u015bciu byli dla mnie mili. Za pierwszym razem dopiero po czasie celniczka odkry\u0142a, \u017ce ma ze mn\u0105 pewne powi\u0105zania (geograficzno-towarzyskie) i by\u0142a do rany przy\u0142\u00f3\u017c. Wcze\u015bniej jednak o ma\u0142o nie aresztowa\u0142a mnie swoim celniczym d\u0142ugopisem czy czapk\u0105 wielko\u015bci l\u0105dowiska dla \u015bmig\u0142owc\u00f3w. Prawda taka, \u017ce czas sp\u0119dzony z bliskimi lud\u017ami nie da si\u0119 wymieni\u0107 na nic innego. To by\u0142 super wyjazd!<\/p>\n<p style=\"text-align: justify;\">9 maja po\u017cegna\u0142em swojego przyjaciela, futrzan\u0105 siostr\u0119. Wierz\u0119, \u017ce teraz jest w jakim\u015b psim raju, pe\u0142nym kie\u0142basek, zabawek, spacer\u00f3w i pieszczot. I chocia\u017c ci\u0119\u017cko mi wierzy\u0107 w to, \u017ce jest jakie\u015b &#8222;niebo&#8221; to licz\u0119, \u017ce za xxx lat spotkamy si\u0119 zn\u00f3w i jak za dawnych lat za\u015bniemy razem przytuleni. Pies prawdziwy przyjaciel. <strong>T\u0119skni\u0119 za Tob\u0105 berbeciu!\u00a0<\/strong><\/p>\n<p style=\"text-align: justify;\">Na fotografii bia\u0142oruscy arty\u015bci ta\u0144cz\u0105 i \u015bpiewaj\u0105 w strefie kibica ko\u0142o rzeki Niemigi.<\/p>\n<h2><strong>Czerwiec<\/strong><\/h2>\n<p><img loading=\"lazy\" decoding=\"async\" class=\"aligncenter size-full wp-image-3634\" src=\"https:\/\/robertdanieluk.com\/blog\/wp-content\/uploads\/2014\/12\/Czerwiec_2014.jpg\" alt=\"Barack Obama w Warszawie | Danieluk\" width=\"960\" height=\"640\" srcset=\"https:\/\/robertdanieluk.com\/blog\/wp-content\/uploads\/2014\/12\/Czerwiec_2014.jpg 960w, https:\/\/robertdanieluk.com\/blog\/wp-content\/uploads\/2014\/12\/Czerwiec_2014-300x200.jpg 300w\" sizes=\"auto, (max-width: 960px) 100vw, 960px\" \/><br \/>\n4 czerwca w 25-t\u0105 rocznic\u0119 obalenia komuny w Polsce wybra\u0142em si\u0119 na Plac Zamkowy by zobaczy\u0107 obecnego Prezydenta USA, Baracka Obam\u0119. Ukrai\u0144ska flaga doskonale podkre\u015bla ca\u0142y rok wydarze\u0144 i kierunek patrzenia.<\/p>\n<h2><strong>Lipiec<\/strong><\/h2>\n<p><img decoding=\"async\" class=\" aligncenter\" src=\"https:\/\/robertdanieluk.com\/blog\/wp-content\/uploads\/2014\/07\/5372.jpg\" alt=\"\" \/><\/p>\n<p>Bardzo pracowity miesi\u0105c.<\/p>\n<p style=\"text-align: justify;\">Fotografia lipca zosta\u0142a paradoksalnie wykonana w lutym, ale dopiero koniec miesi\u0105ca &#8222;pozwoli\u0142&#8221; na opublikowanie jej. Na fotografii jest S\u0142awomir Opala, tego dnia (27 lipca) dowiedzia\u0142em si\u0119, \u017ce Opala odebra\u0142 sobie \u017cycie. Taka wiadomo\u015b\u0107 dotyka, a dotyk \u015bmierci jest mocniejszy kiedy cz\u0142owiek zna\u0142, pozna\u0142 cz\u0142owieka kt\u00f3rego do dotyczy. 4 lutego mia\u0142em okazj\u0119 go spotka\u0107 i zrobi\u0107 mu kilka fotografii. Pomy\u015bla\u0142em sobie, \u017ce idealnie b\u0119dzie gdy zapozuje mi z notatnikiem, udaj\u0105c, \u017ce co\u015b notuje. Wtedy pisa\u0142 ksi\u0105\u017ck\u0119 o swoim \u017cyciu i gdzie\u015b w tle mia\u0142em dwie nadzieje, \u017ce ksi\u0105\u017cka si\u0119 pojawi u mnie na p\u00f3\u0142ce z autografem S\u0142awka, a dwa \u017ce mo\u017ce uda si\u0119 mie\u0107 jakie\u015b zdj\u0119cie jego osoby z tej warszawskiej kr\u00f3tkiej sesji w\u0142a\u015bnie w niej. Nic z tych rzeczy nie mam, opr\u00f3cz pami\u0119ci silnego u\u015bcisku i autografu S\u0142awka na o\u015bwiadczeniu do publikacji wizerunku. Tyle i a\u017c tyle!<\/p>\n<h2><strong>Sierpie\u0144<\/strong><\/h2>\n<p><img decoding=\"async\" class=\" aligncenter\" src=\"https:\/\/robertdanieluk.com\/blog\/wp-content\/uploads\/2014\/08\/ZYcie.jpg\" alt=\"\" \/><\/p>\n<p>Kolejny miesi\u0105c drogi. Fotografowanie telefonem. Pe\u0142en misz-masz i moje ostatnie spotkanie z Powstaniem Warszawskim.<\/p>\n<h2 style=\"text-align: justify;\"><strong>Wrzesie\u0144<\/strong><\/h2>\n<p style=\"text-align: justify;\"><img decoding=\"async\" class=\" aligncenter\" src=\"https:\/\/robertdanieluk.com\/blog\/wp-content\/uploads\/2014\/09\/5383.jpg\" alt=\"\" \/><br \/>\nMiesi\u0105c przej\u015bcia z lata w jesie\u0144. Takie przej\u015bcia zawsze s\u0105 energetyczne. We wrze\u015bniu by\u0142 jeden gor\u0105cy weekend. Kt\u00f3ry zacz\u0105\u0142 si\u0119 w Warszawie, zaczepi\u0142 o czesk\u0105 granic\u0119 i od razu powr\u00f3t bez snu do Warszawy by za\u0142apa\u0107 si\u0119 na samolot do Tallinna, gdzie zrobi\u0142em ow\u0105 fotografi\u0119. Przy okazji pobytu w Estonii pop\u0142yn\u0119li\u015bmy do Helsinek. I w przypadku tego wyjazdu widz\u0119 jak wiele rzeczy wraca dopiero po powrocie do domu.<\/p>\n<h2 style=\"text-align: justify;\"><strong>Pa\u017adziernik<\/strong><\/h2>\n<p><img decoding=\"async\" class=\" aligncenter\" src=\"https:\/\/robertdanieluk.com\/blog\/wp-content\/uploads\/2014\/10\/5440.jpg\" alt=\"\" \/><\/p>\n<p style=\"text-align: justify;\">Przed oczami widz\u0119 Pary\u017c. Ciep\u0142e miasto. Zapach metra. Zapachy odgrywaj\u0105 ogromn\u0105 rol\u0119 i przez wi\u0119kszo\u015b\u0107 \u017cycia cz\u0142owiek w og\u00f3le o tym nie my\u015bli. Przed wyjazdem do Francji pojecha\u0142em do mojej Babci i Taty pod granic\u0119 z Bia\u0142orusi\u0105. Wieczory robi\u0142y si\u0119 ju\u017c ciemne i ch\u0142odne. Za\u0142o\u017cy\u0142em moje buty do biegania i wyruszy\u0142em w bieg dooko\u0142a tego niedu\u017cego miasteczka.<\/p>\n<p>&#8222;Cia\u0142o porusza si\u0119 w miar\u0119 jednostajnie pilnuj\u0105c czasu odcinka 1000 metr\u00f3w. Zapach. Ten zapach kt\u00f3rego dawno nie czu\u0142em, to zapach tego miejsca. \u0106wier\u0107 kilometra po mojej lewej Bia\u0142oru\u015b. Po prawej wi\u0119cej jak 600 kilometr\u00f3w Polski, ale to nic. Ta prawa strona nie ma znaczenia. Znaczenie ma to miejsce, ten kr\u00f3tki odcinek. Dopiero p\u00f3\u017aniej kiedy zasypia\u0142em odtworzy\u0142em sobie symbole, rzeczy powi\u0105zane z tym zapachem. Czego to zapach? Wydaje si\u0119, \u017ce nic specjalnego. Troch\u0119 ziemi, zapach rzeki, zielonych drzew i traw. Do tego jak by unosz\u0105cy si\u0119 wiecznie zapach wieczoru tego miasteczka po\u0142\u0105czony z lekk\u0105 mgie\u0142k\u0105 nad ulicami i dymem z komin\u00f3w. Zamykam oczy i widz\u0119 ludzi, kt\u00f3rych nie ma. Nie pami\u0119tam ich twarzy, imion. R\u00f3wie\u015bnicy z wakacji. Mia\u0142em mo\u017ce 12 mo\u017ce 14 lat. Tacy byli\u015bmy. Obrazy wype\u0142nione s\u0142o\u0144cem, marzeniami, kt\u00f3re o dziwo jeszcze si\u0119 nie spe\u0142ni\u0142y. Jedna wielka niewinno\u015b\u0107, a wszystko przez ten zapach. Obrazy zaczynaj\u0105 uk\u0142ada\u0107 si\u0119 w ma\u0142\u0105 ca\u0142o\u015b\u0107, wa\u017cn\u0105 dla tamtych wakacyjnych chwil. Bez dat, lat. Tego nie pami\u0119tam.&#8221; &#8211; <a href=\"https:\/\/robertdanieluk.com\/blog\/2014\/10\/01\/zapachy-pamieci\/\">Zapachy pami\u0119ci<\/a>\u00a0(wpis)<\/p>\n<p style=\"text-align: justify;\">Na fotografii Pary\u017c. Bardziej klasycznie si\u0119 nie da\u0142o!<\/p>\n<h2 style=\"text-align: justify;\"><strong>Listopad<\/strong><\/h2>\n<p><img decoding=\"async\" class=\" aligncenter\" src=\"https:\/\/robertdanieluk.com\/blog\/wp-content\/uploads\/2014\/11\/5517.jpg\" alt=\"\" \/><\/p>\n<p style=\"text-align: justify;\">Nic nie zwalniamy, wr\u0119cz przy\u015bpieszamy. Pod koniec pa\u017adziernika wybra\u0142em si\u0119 z dobrym kompanem w podr\u00f3\u017cy <a href=\"http:\/\/markoff.pl\/blog\/\">Dawidem<\/a>\u00a0(bo moja Kasia nie chcia\u0142a, ostro broni\u0142a si\u0119 przed zaproszeniem na wsch\u00f3d), na jeden z najciekawszych wyjazd\u00f3w w moim \u017cyciu, kt\u00f3ry w zasadzie ograniczy\u0142 si\u0119 do 24 godzin pobytu w miejscu o kt\u00f3rym dawno my\u015bla\u0142em. Przez Odess\u0119, Kiszyni\u00f3w udali\u015bmy si\u0119 do Tyraspola, stolicy Pa\u0144stwa kt\u00f3rego nie ma. To by\u0142 drugi wyjazd z serii wsch\u00f3d jesieni\u0105. Co b\u0119dzie za rok? :)<\/p>\n<p>Publikuj\u0119 tu jedn\u0105 fotografi\u0119, ale je\u015bli kogo\u015b to zainteresowa\u0142o polecam wpisy z tego wyjazdu gdzie napisa\u0142em wi\u0119cej:\u00a0<a href=\"https:\/\/robertdanieluk.com\/blog\/2014\/11\/24\/tyraspol-stolica-ktorej-nie-ma\/\">Tyraspol, stolica kt\u00f3rej nie ma<\/a> oraz\u00a0<a href=\"https:\/\/robertdanieluk.com\/blog\/2014\/11\/25\/oktyabrsky-tiraspol\/\">Oktyabrsky, Tiraspol<\/a>.<\/p>\n<p style=\"text-align: justify;\"><strong>Grudzie\u0144<\/strong><br \/>\n<img decoding=\"async\" class=\" aligncenter\" src=\"https:\/\/robertdanieluk.com\/blog\/wp-content\/uploads\/2014\/11\/5537.jpg\" alt=\"\" \/><\/p>\n<p style=\"text-align: justify;\">Od pocz\u0105tku grudnia postanowi\u0142em, \u017ce sam sobie b\u0119d\u0119 szefem. To bardzo mi\u0142e, ale te\u017c zdecydowanie mocniej motywuj\u0105co. Tak to w skr\u00f3cie mo\u017cna napisa\u0107.<\/p>\n<p>Przejrza\u0142em grudzie\u0144 i w\u015br\u00f3d wielu r\u00f3\u017cnych opublikowanych i nie opublikowanych wydarze\u0144, przypomnia\u0142o mi si\u0119, \u017ce wraz z kolegami byli\u015bmy na 70-cio leciu Zespo\u0142u Szk\u00f3\u0142 Fototechnicznych. Chodzi\u0142em do Technikum Fototechnicznego w latach 1998-2003 i za ka\u017cdym razem jak tam jestem czuje dwie emocje: dum\u0119 i sentyment. Moja szko\u0142a nosi\u0142a imi\u0119 jednego z moich idoli, Jurija Gagarina o kt\u00f3rym jak si\u0119 okaza\u0142o wielu uczni\u00f3w napisa\u0142o r\u00f3\u017cnego rodzaju prac\u0119. I wiecie czego \u017ca\u0142uj\u0119? \u017be nie zwin\u0105\u0142em jednej z nich :D<\/p>\n<hr class=\"ttfmake-hr\" style=\"border-style: solid; border-top-width: 1px;\" \/>\n<p style=\"text-align: justify;\">Jaki b\u0119dzie nast\u0119pny rok 2015? Mniej wi\u0119cej wiem, mniej wi\u0119cej gdzie\u015b stworzy\u0142em jego zarys. Rzeczywisto\u015b\u0107 lubi weryfikowa\u0107, komplikowa\u0107, a czasem zwyczajnie pomaga\u0107 w naszych zamierzeniach i planach. Jedno wiem na pewno, \u017ce nowy rok b\u0119dzie jeszcze lepszy i bardziej aktywniejszy, ale nie b\u0119d\u0119 niczego zdradza\u0142 :) wi\u0119c&#8230;<br \/>\n&#8230;\u017cycz\u0119 wszystkim moim podgl\u0105daczom du\u017co pomys\u0142\u00f3w, zdrowia i spokoju! :)<\/p>\n<h1 style=\"text-align: justify;\">\u00a0<span class=\"ttfmake-icon mceNonEditable fa\">\uf164<\/span><\/h1>\n","protected":false},"excerpt":{"rendered":"<p>Zawsze pod koniec roku czas na ma\u0142e podsumowania tego co w\u0142a\u015bnie si\u0119 ko\u0144czy. Poprzedni rok by\u0142 tak samo aktywny jak ten, chocia\u017c w \u017caden spos\u00f3b nie da si\u0119 go por\u00f3wna\u0107. Wiem, \u017ce ten nast\u0119pny b\u0119dzie takim po\u0142\u0105czeniem 2014 i 2013. Tak czuj\u0119. Zawsze gdy ko\u0144czy si\u0119 rok zliczam kilometry, podr\u00f3\u017ce, przegl\u0105dam moje elektryczne szuflady pami\u0119ci. [&hellip;]<\/p>\n","protected":false},"author":1,"featured_media":0,"comment_status":"open","ping_status":"open","sticky":false,"template":"","format":"standard","meta":{"footnotes":""},"categories":[895],"tags":[],"class_list":["post-3600","post","type-post","status-publish","format-standard","hentry","category-895"],"blocksy_meta":[],"_links":{"self":[{"href":"https:\/\/robertdanieluk.com\/blog\/wp-json\/wp\/v2\/posts\/3600","targetHints":{"allow":["GET"]}}],"collection":[{"href":"https:\/\/robertdanieluk.com\/blog\/wp-json\/wp\/v2\/posts"}],"about":[{"href":"https:\/\/robertdanieluk.com\/blog\/wp-json\/wp\/v2\/types\/post"}],"author":[{"embeddable":true,"href":"https:\/\/robertdanieluk.com\/blog\/wp-json\/wp\/v2\/users\/1"}],"replies":[{"embeddable":true,"href":"https:\/\/robertdanieluk.com\/blog\/wp-json\/wp\/v2\/comments?post=3600"}],"version-history":[{"count":17,"href":"https:\/\/robertdanieluk.com\/blog\/wp-json\/wp\/v2\/posts\/3600\/revisions"}],"predecessor-version":[{"id":3644,"href":"https:\/\/robertdanieluk.com\/blog\/wp-json\/wp\/v2\/posts\/3600\/revisions\/3644"}],"wp:attachment":[{"href":"https:\/\/robertdanieluk.com\/blog\/wp-json\/wp\/v2\/media?parent=3600"}],"wp:term":[{"taxonomy":"category","embeddable":true,"href":"https:\/\/robertdanieluk.com\/blog\/wp-json\/wp\/v2\/categories?post=3600"},{"taxonomy":"post_tag","embeddable":true,"href":"https:\/\/robertdanieluk.com\/blog\/wp-json\/wp\/v2\/tags?post=3600"}],"curies":[{"name":"wp","href":"https:\/\/api.w.org\/{rel}","templated":true}]}}