{"id":4406,"date":"2015-10-06T10:11:27","date_gmt":"2015-10-06T08:11:27","guid":{"rendered":"http:\/\/robertdanieluk.com\/blog\/?p=4406"},"modified":"2015-10-06T10:11:27","modified_gmt":"2015-10-06T08:11:27","slug":"strach-przed-nieskonczonoscia","status":"publish","type":"post","link":"https:\/\/robertdanieluk.com\/blog\/2015\/10\/06\/strach-przed-nieskonczonoscia\/","title":{"rendered":"Strach przed niesko\u0144czono\u015bci\u0105"},"content":{"rendered":"<p style=\"text-align: justify;\"><img loading=\"lazy\" decoding=\"async\" class=\"alignnone size-full wp-image-4407\" src=\"https:\/\/robertdanieluk.com\/blog\/wp-content\/uploads\/2015\/10\/RODA6356.jpg\" alt=\"Sputnik\" width=\"960\" height=\"640\" srcset=\"https:\/\/robertdanieluk.com\/blog\/wp-content\/uploads\/2015\/10\/RODA6356.jpg 960w, https:\/\/robertdanieluk.com\/blog\/wp-content\/uploads\/2015\/10\/RODA6356-300x200.jpg 300w\" sizes=\"auto, (max-width: 960px) 100vw, 960px\" \/><br \/>\nMam takie przeb\u0142yski z mojej pami\u0119ci w kt\u00f3rych widz\u0119 bli\u017cej nie okre\u015blone emocje, uczucia, my\u015bli, nawet ci\u0119\u017cko mi jest to opisa\u0107. Jedn\u0105 z takich formacji my\u015bli jest kosmos. Chyba ka\u017cdy z nas tak ma, \u017ce czasem stoi w bezchmurn\u0105 noc i zadziera g\u0142ow\u0119 w g\u00f3r\u0119 i patrzy na gwiazdy. Ja te\u017c patrz\u0119 w niebo, widz\u0119 kosmos i niesko\u0144czono\u015b\u0107. Kiedy zapadam w p\u0119tl\u0119 rozmy\u015bla\u0144 o braku granicy w kosmosie odczuwam, jak jestem ma\u0142y, problemy wydaj\u0105 si\u0119 takie micro. Tu\u017c obok tego stoi ca\u0142a historia zwi\u0105zana z podbojem kosmosu, szczeg\u00f3lnie wszystko co zwi\u0105zane z jej radzieck\u0105 cz\u0119\u015bci\u0105.<\/p>\n<p style=\"text-align: justify;\">Przypomina mi si\u0119 taka uk\u0142adanka w kt\u00f3rej widz\u0119 granatowe dresy (koniec lat 80-tych), nale\u017c\u0105ce do syna Cioci Nadi. Tak na ni\u0105 m\u00f3wi\u0142em, kt\u00f3ra przekaza\u0142a mojej Mamie przepis na najlepsze ciasto \u015bwiata, moje ulubione. To nie by\u0142a moja prawdziwa Ciocia, tylko \u017cona radzieckiego wojskowego. Takie by\u0142y czasy, a ja pami\u0119tam jak siedzia\u0142em u nich w mieszkaniu w towarzystwie jej dw\u00f3ch syn\u00f3w (tak mi si\u0119 wydaje). Nie pami\u0119tam czy m\u00f3wili po polsku, ma\u0142o co pami\u0119tam, ale jednak jaki\u015b czas sp\u0119dzi\u0142em w tej rosyjskiej Rodzinie, s\u0105siedzi, ja nie mam w sobie \u017cadnych uraz\u00f3w.<\/p>\n<p style=\"text-align: justify;\">Potem Muzeum Techniki w Pa\u0142acu Kultury i Nauki, makieta Sputnika, to chyba cz\u0119\u015b\u0107 uk\u0142adanki, kt\u00f3ra jednak najmocniej gra w tej ca\u0142ej zabawie przywo\u0142ywania my\u015bli. Potem wraca\u0142em do tego Muzeum co jaki\u015b czas, ale nigdy nie uda\u0142o mi si\u0119 zobaczy\u0107 go ponownie. Pami\u0119ta kto\u015b z Was kapsu\u0142\u0119 kt\u00f3ra by\u0142a przy wej\u015bciu do Muzeum Wojska Polskiego w Warszawie? Wyobra\u017cacie sobie moj\u0105 min\u0119 kiedy pewnego dnia ona wyparowa\u0142a? Ten Sputnik to tak\u017ce symbol pierwszego podboju kosmosu i w\u0142a\u015bnie 4 pa\u017adziernika min\u0119\u0142a kolejna rocznica (1957). Ten Sputnik to tak\u017ce Muzeum Kosmonautyki w Moskwie, kt\u00f3re musia\u0142em zobaczy\u0107 i zobaczy\u0142em w 2011 roku. Notatki w zeszycie Gagarina, kapsu\u0142y kosmiczne czy replika statku kosmicznego Vostok i te granatowe dresy radzieckich kosmonaut\u00f3w. Co\u015b magicznego co dotkn\u0119\u0142o kosmosu, chocia\u017c my wszyscy jeste\u015bmy jego cz\u0119\u015bci\u0105. Sputnik &#8211; Gagarin &#8211; Vostok. Ten klimat mnie szalenie inspiruje. Mozaiki na \u015bcianach socrealistycznych budynk\u00f3w czy pomniki zdobywc\u00f3w kosmosu. Marzenie o spotkaniu z Hermaszewskim.<\/p>\n<p style=\"text-align: justify;\">Do tego te\u017c trzeba do\u0142o\u017cy\u0107 t\u0105 histori\u0119 odkryt\u0105 przez w\u0142oskich braci, kt\u00f3rzy przez swoj\u0105 radiow\u0105 anten\u0119 odkryli radzieck\u0105 \u015bmier\u0107 w kosmosie (Artyku\u0142 &#8222;<a href=\"http:\/\/infra.org.pl\/historia-\/zagadki-dziejow\/420-zagubieni-w-przestrzeni\">Zagubieni w przestrzeni<\/a>&#8222;), to uzmys\u0142awia mi o tym strachu przed niesko\u0144czono\u015bci\u0105. Ta historia mnie mrozi, przera\u017ca, czuj\u0119 na sobie ten klaustrofobiczny strach.<\/p>\n<p style=\"text-align: justify;\">Kosmos wi\u0119c jest pi\u0119kny ale te\u017c i straszny, dlatego mimo moich marze\u0144 o nim, wol\u0119 pozosta\u0107 na ziemi i zadziera\u0107 g\u0142ow\u0119 w g\u00f3r\u0119 i wyobra\u017ca\u0107 sobie, \u017ce odbieram sygna\u0142 ze Sputnika. Beep, beep, beep&#8230;i to ma mi przypomina\u0107 o korzeniach inspiracji.<\/p>\n","protected":false},"excerpt":{"rendered":"<p>Mam takie przeb\u0142yski z mojej pami\u0119ci w kt\u00f3rych widz\u0119 bli\u017cej nie okre\u015blone emocje, uczucia, my\u015bli, nawet ci\u0119\u017cko mi jest to opisa\u0107. Jedn\u0105 z takich formacji my\u015bli jest kosmos. Chyba ka\u017cdy z nas tak ma, \u017ce czasem stoi w bezchmurn\u0105 noc i zadziera g\u0142ow\u0119 w g\u00f3r\u0119 i patrzy na gwiazdy. Ja te\u017c patrz\u0119 w niebo, widz\u0119 [&hellip;]<\/p>\n","protected":false},"author":1,"featured_media":0,"comment_status":"open","ping_status":"open","sticky":false,"template":"","format":"standard","meta":{"footnotes":""},"categories":[1,259],"tags":[61,60],"class_list":["post-4406","post","type-post","status-publish","format-standard","hentry","category-bez-kategorii","category-ja","tag-kosmos","tag-sputnik"],"blocksy_meta":[],"_links":{"self":[{"href":"https:\/\/robertdanieluk.com\/blog\/wp-json\/wp\/v2\/posts\/4406","targetHints":{"allow":["GET"]}}],"collection":[{"href":"https:\/\/robertdanieluk.com\/blog\/wp-json\/wp\/v2\/posts"}],"about":[{"href":"https:\/\/robertdanieluk.com\/blog\/wp-json\/wp\/v2\/types\/post"}],"author":[{"embeddable":true,"href":"https:\/\/robertdanieluk.com\/blog\/wp-json\/wp\/v2\/users\/1"}],"replies":[{"embeddable":true,"href":"https:\/\/robertdanieluk.com\/blog\/wp-json\/wp\/v2\/comments?post=4406"}],"version-history":[{"count":2,"href":"https:\/\/robertdanieluk.com\/blog\/wp-json\/wp\/v2\/posts\/4406\/revisions"}],"predecessor-version":[{"id":4409,"href":"https:\/\/robertdanieluk.com\/blog\/wp-json\/wp\/v2\/posts\/4406\/revisions\/4409"}],"wp:attachment":[{"href":"https:\/\/robertdanieluk.com\/blog\/wp-json\/wp\/v2\/media?parent=4406"}],"wp:term":[{"taxonomy":"category","embeddable":true,"href":"https:\/\/robertdanieluk.com\/blog\/wp-json\/wp\/v2\/categories?post=4406"},{"taxonomy":"post_tag","embeddable":true,"href":"https:\/\/robertdanieluk.com\/blog\/wp-json\/wp\/v2\/tags?post=4406"}],"curies":[{"name":"wp","href":"https:\/\/api.w.org\/{rel}","templated":true}]}}