{"id":4707,"date":"2015-12-31T12:23:03","date_gmt":"2015-12-31T11:23:03","guid":{"rendered":"http:\/\/robertdanieluk.com\/blog\/?p=4707"},"modified":"2015-12-31T12:24:28","modified_gmt":"2015-12-31T11:24:28","slug":"rok-kozy","status":"publish","type":"post","link":"https:\/\/robertdanieluk.com\/blog\/2015\/12\/31\/rok-kozy\/","title":{"rendered":"Rok Kozy"},"content":{"rendered":"<p style=\"text-align: justify;\">Ko\u0144czy si\u0119 rok. To czas by zrobi\u0107 ma\u0142e podsumowanie tego co dzia\u0142o si\u0119 przez te 12 miesi\u0119cy. Chocia\u017c do ko\u0144ca roku jeszcze kilka chwil, to jednak \u015bmia\u0142o mo\u017cna go opisa\u0107 i pokaza\u0107. Dzia\u0142o si\u0119 du\u017co, ale paradoksalnie na blogu niewiele. Chyba wiem czym to jest spowodowane. Wi\u0119kszo\u015b\u0107 strumienia fotograficznego przelewa si\u0119 do <a href=\"http:\/\/oza (Owca) jest symbolem kultury; odnosi si\u0119 do czasu relaksu, piel\u0119gnowania i zbierania si\u0142.\">Instagramu<\/a>, ale wiernie i dzielnie b\u0119d\u0119 kontynuowa\u0142 prac\u0119 u podstaw. Statystyki nie powalaj\u0105, ale dzi\u015b nie jest to najwa\u017cniejsze. Nie jestem &#8222;blogerem&#8221;, kt\u00f3ry robi wszystko pod co\u015b, dla kogo\u015b, za co\u015b. Fotoblog jest, by\u0142 i b\u0119dzie moim fotograficznym notatnikiem do kt\u00f3rego lubi\u0119 i b\u0119d\u0119 wraca\u0142 by zobaczy\u0107 co dzia\u0142o si\u0119 na kartach mojego \u017cycia.<\/p>\n<p style=\"text-align: justify;\">Ten rok by\u0142 pod znakiem tworzenia wideo. Cieszy mnie to, ale fotografia nadal pozostaje niezagro\u017conym numerem jeden. Zapraszam wszystkich zainteresowanych na ma\u0142\u0105 podr\u00f3\u017c po 12 miesi\u0105cach. Mam tak\u0105 swoj\u0105 ma\u0142\u0105 map\u0119 na kt\u00f3rej zaznaczam moje podr\u00f3\u017ce (ma\u0142e i du\u017ce) i widz\u0119, \u017ce ten rok zdominowa\u0142a Polska. Na mojej mapie zabrak\u0142o jedynie Szczecina i okolic. Tam jest mi najdalej, ale musz\u0119 to nadrobi\u0107!<\/p>\n<p style=\"text-align: justify;\">Tytu\u0142 wpisu jest &#8222;Rok Kozy&#8221; czyli koza (owca) jest symbolem kultury, odnosi si\u0119 do czasu relaksu, piel\u0119gnowania i zbierania si\u0142 (<a href=\"http:\/\/przewodnikduchowy.pl\/wt\/p\/2015-rok-kozy.php\">link<\/a>). Tak m\u00f3wi chi\u0144ski kalendarz. Co\u015b w tym jest. Ostatnie chwile na przyjemne przepuszczanie czasu przez palce.<\/p>\n<p style=\"text-align: justify;\">Wyb\u00f3r zdj\u0119\u0107 by\u0142 trudny poniewa\u017c wi\u0119kszo\u015b\u0107 zdj\u0119\u0107 pojawia si\u0119 na Instagramie, a tu chcia\u0142em wrzuci\u0107 (co si\u0119 uda\u0142o) zdj\u0119cia zrobione tylko aparatem.<\/p>\n<p style=\"text-align: justify;\"><strong>Stycze\u0144<\/strong><br \/>\n<img loading=\"lazy\" decoding=\"async\" class=\"alignnone size-full wp-image-4712\" src=\"https:\/\/robertdanieluk.com\/blog\/wp-content\/uploads\/2015\/12\/Styczen.jpg\" alt=\"Styczen\" width=\"960\" height=\"640\" srcset=\"https:\/\/robertdanieluk.com\/blog\/wp-content\/uploads\/2015\/12\/Styczen.jpg 960w, https:\/\/robertdanieluk.com\/blog\/wp-content\/uploads\/2015\/12\/Styczen-300x200.jpg 300w, https:\/\/robertdanieluk.com\/blog\/wp-content\/uploads\/2015\/12\/Styczen-768x512.jpg 768w\" sizes=\"auto, (max-width: 960px) 100vw, 960px\" \/><br \/>\nW styczniu pojecha\u0142em zbiera\u0107 my\u015bli i pomys\u0142y tam gdzie po zachodzie s\u0142o\u0144ca nic nie rozprasza. Postanowi\u0142em na po\u0142udniowej ziemi Podlaskiej, gdzie styka si\u0119 z p\u00f3\u0142nocn\u0105 Lubelszczyzn\u0105 zapocz\u0105tkowa\u0107 cykl wideo &#8222;<a href=\"http:\/\/zwyklerzeczy.pl\">Zwyk\u0142e Rzeczy<\/a>&#8222;, kt\u00f3ry obecnie jest w wielkiej fazie eksperymentu. Plany na 2016 rok s\u0105, wi\u0119c trzymajcie kciuki!<\/p>\n<p style=\"text-align: justify;\">Lubi\u0119 Terespol i okolice. To jednak cz\u0119\u015b\u0107 mojego \u017cycia, dzieci\u0144stwa, miejsc i symboli, kt\u00f3re w sobie piel\u0119gnuj\u0119. Na fotografii s\u0142up graniczny na Bugu (ko\u0142o miejscowo\u015bci Neple). W tle Bia\u0142oru\u015b.<\/p>\n<p style=\"text-align: justify;\"><strong>Luty<\/strong><br \/>\n<img loading=\"lazy\" decoding=\"async\" class=\"alignnone size-full wp-image-4710\" src=\"https:\/\/robertdanieluk.com\/blog\/wp-content\/uploads\/2015\/12\/Luty.jpg\" alt=\"Luty\" width=\"960\" height=\"640\" srcset=\"https:\/\/robertdanieluk.com\/blog\/wp-content\/uploads\/2015\/12\/Luty.jpg 960w, https:\/\/robertdanieluk.com\/blog\/wp-content\/uploads\/2015\/12\/Luty-300x200.jpg 300w, https:\/\/robertdanieluk.com\/blog\/wp-content\/uploads\/2015\/12\/Luty-768x512.jpg 768w\" sizes=\"auto, (max-width: 960px) 100vw, 960px\" \/><br \/>\nZimowe wej\u015bcie z przyjaci\u00f3\u0142mi na Babi\u0105 G\u00f3r\u0119 w Beskidach. To moja pierwsza wizyta w tamtych rejonach. To by\u0142 14 lutego. Przepi\u0119kna pogoda. Ze szczytu (podej\u015bcie trwa\u0142o oko\u0142o 4-5 godzin, ze wzgl\u0119du na ogromn\u0105 ilo\u015b\u0107 \u015bniegu) by\u0142o wida\u0107 Tatry. Na g\u00f3rze kilkana\u015bcie minut i szyba ucieczka przed noc\u0105. To by\u0142o niesamowite. Wieczorem w telewizji obrazki p\u0142on\u0105cego Mostu \u0141azienkowskiego. Smutny widok i kilka miesi\u0119cy problem\u00f3w.<\/p>\n<p style=\"text-align: justify;\">Na fotografii Kasia.<\/p>\n<p style=\"text-align: justify;\">W lutym te\u017c zrobi\u0142em kr\u00f3tki materia\u0142 wideo o Adamie, golibrodzie z Opola, kt\u00f3ry dba o moj\u0105 brod\u0119.<\/p>\n<p><iframe loading=\"lazy\" src=\"https:\/\/www.youtube.com\/embed\/NIMTpYry8Dg?rel=0&amp;controls=0&amp;showinfo=0\" width=\"960\" height=\"540\" frameborder=\"0\" allowfullscreen=\"allowfullscreen\"><\/iframe><\/p>\n<p style=\"text-align: justify;\"><strong>Marzec<\/strong><br \/>\n<img loading=\"lazy\" decoding=\"async\" class=\"alignnone size-full wp-image-4711\" src=\"https:\/\/robertdanieluk.com\/blog\/wp-content\/uploads\/2015\/12\/Marzec.jpg\" alt=\"Marzec\" width=\"960\" height=\"640\" srcset=\"https:\/\/robertdanieluk.com\/blog\/wp-content\/uploads\/2015\/12\/Marzec.jpg 960w, https:\/\/robertdanieluk.com\/blog\/wp-content\/uploads\/2015\/12\/Marzec-300x200.jpg 300w, https:\/\/robertdanieluk.com\/blog\/wp-content\/uploads\/2015\/12\/Marzec-768x512.jpg 768w\" sizes=\"auto, (max-width: 960px) 100vw, 960px\" \/><br \/>\nKt\u00f3rego\u015b dnia siedzieli\u015bmy sobie na jednym z portali oferuj\u0105cy noclegi\u00a0na ca\u0142ym \u015bwiecie. Z ciekawo\u015bci rzucili\u015bmy okiem na ceny nocleg\u00f3w w Japonii. Skoro lecie\u0107 do Tokio, dlaczego by nie lecie\u0107 przez&#8230;Hong Kong? Tak narodzi\u0142 si\u0119 pomys\u0142 na 4 i p\u00f3\u0142 tygodniow\u0105 podr\u00f3\u017c po Chi\u0144skiej Republice Ludowej i Hong Kongu. W tym mie\u015bcie sp\u0119dzili\u015bmy tydzie\u0144, a potem ruszyli\u015bmy dalej. Nasza podr\u00f3\u017c to 5000 kilometr\u00f3w kolej\u0105 po Chinach. Jedna z trudniejszych, szczeg\u00f3lnie \u017ce kr\u00f3tki ale intensywny pobyt w plac\u00f3wce zdrowia w Chi\u0144skim Ludowym Szpitalu Yangshuo, odebra\u0142 mi sporo si\u0142 i rado\u015bci z podr\u00f3\u017cy.<\/p>\n<p style=\"text-align: justify;\">Na fotografii jedno z osiedli w Hong Kongu (dla tych blok\u00f3w, chcia\u0142bym tam wr\u00f3ci\u0107). Liczy\u0142em. 60 pi\u0119ter.<\/p>\n<p style=\"text-align: justify;\"><strong>Kwiecie\u0144<\/strong><br \/>\n<img loading=\"lazy\" decoding=\"async\" class=\"alignnone size-full wp-image-4709\" src=\"https:\/\/robertdanieluk.com\/blog\/wp-content\/uploads\/2015\/12\/Kwiecien.jpg\" alt=\"Kwiecien\" width=\"960\" height=\"640\" srcset=\"https:\/\/robertdanieluk.com\/blog\/wp-content\/uploads\/2015\/12\/Kwiecien.jpg 960w, https:\/\/robertdanieluk.com\/blog\/wp-content\/uploads\/2015\/12\/Kwiecien-300x200.jpg 300w, https:\/\/robertdanieluk.com\/blog\/wp-content\/uploads\/2015\/12\/Kwiecien-768x512.jpg 768w\" sizes=\"auto, (max-width: 960px) 100vw, 960px\" \/><br \/>\nKwiecie\u0144 tak\u017ce sta\u0142 pod znakiem podr\u00f3\u017cy po Chinach. Podczas naszej podr\u00f3\u017cy odwiedzili\u015bmy wspomniany wcze\u015bniej Hong Kong, nast\u0119pnie pierwszym miastem w Chinach by\u0142 Kanton. Dalej Guilin, Yangshuo, Zhangjiajie, Hangzhou, Szanghaj i Pekin.<\/p>\n<p style=\"text-align: justify;\">Na fotografii chi\u0144ska flaga z najbardziej rozpoznawaln\u0105 budowl\u0105 w Szanghaju, Oriental Pearl Tower.<\/p>\n<p style=\"text-align: justify;\">Tutaj <a href=\"http:\/\/zwyklerzeczy.pl\/zwykle-rzeczy-hong-kong-chiny\/\">Zwyk\u0142e Rzeczy &#8211; Hong Kong &amp; Chiny<\/a>\u00a0znajdziecie wszystkie filmiki jakie zrobi\u0142em w Chinach.<\/p>\n<p><strong>Maj<\/strong><br \/>\n<img loading=\"lazy\" decoding=\"async\" class=\"alignnone size-full wp-image-4717\" src=\"https:\/\/robertdanieluk.com\/blog\/wp-content\/uploads\/2015\/12\/MAj.jpg\" alt=\"Maj\" width=\"960\" height=\"640\" srcset=\"https:\/\/robertdanieluk.com\/blog\/wp-content\/uploads\/2015\/12\/MAj.jpg 960w, https:\/\/robertdanieluk.com\/blog\/wp-content\/uploads\/2015\/12\/MAj-300x200.jpg 300w, https:\/\/robertdanieluk.com\/blog\/wp-content\/uploads\/2015\/12\/MAj-768x512.jpg 768w\" sizes=\"auto, (max-width: 960px) 100vw, 960px\" \/><br \/>\nWyj\u0105tkowo nie moje zdj\u0119cie, a <a href=\"http:\/\/katarzynamach.com\">Kasi<\/a> podczas realizacji kr\u00f3tkiej formy wideo o Ho\u0142owczycu. Ten rok by\u0142 bardzo filmowy.<\/p>\n<p><strong>Czerwiec<\/strong><br \/>\n<img loading=\"lazy\" decoding=\"async\" class=\"alignnone size-full wp-image-4715\" src=\"https:\/\/robertdanieluk.com\/blog\/wp-content\/uploads\/2015\/12\/Czerwiec.jpg\" alt=\"Czerwiec\" width=\"960\" height=\"640\" srcset=\"https:\/\/robertdanieluk.com\/blog\/wp-content\/uploads\/2015\/12\/Czerwiec.jpg 960w, https:\/\/robertdanieluk.com\/blog\/wp-content\/uploads\/2015\/12\/Czerwiec-300x200.jpg 300w, https:\/\/robertdanieluk.com\/blog\/wp-content\/uploads\/2015\/12\/Czerwiec-768x512.jpg 768w\" sizes=\"auto, (max-width: 960px) 100vw, 960px\" \/><br \/>\nIm cieplej tym by\u0142o mniej czasu by robi\u0107 swoje rzeczy. Taki urok pracy jako fotograf.<\/p>\n<p>Tutaj na fotografii wn\u0119trze stodo\u0142y nale\u017c\u0105cej do mojej Rodziny z po\u0142udniowego Podlasia. Zawsze gdy tam jestem znikam na chwil\u0119 by poszuka\u0107 ciekawych rzeczy.<\/p>\n<p style=\"text-align: justify;\"><strong>Lipiec<\/strong><br \/>\n<img loading=\"lazy\" decoding=\"async\" class=\"alignnone size-full wp-image-4722\" src=\"https:\/\/robertdanieluk.com\/blog\/wp-content\/uploads\/2015\/12\/Lipiec_01.jpg\" alt=\"Lipiec\" width=\"960\" height=\"640\" srcset=\"https:\/\/robertdanieluk.com\/blog\/wp-content\/uploads\/2015\/12\/Lipiec_01.jpg 960w, https:\/\/robertdanieluk.com\/blog\/wp-content\/uploads\/2015\/12\/Lipiec_01-300x200.jpg 300w, https:\/\/robertdanieluk.com\/blog\/wp-content\/uploads\/2015\/12\/Lipiec_01-768x512.jpg 768w\" sizes=\"auto, (max-width: 960px) 100vw, 960px\" \/><br \/>\nLipiec by\u0142 zwariowanym miesi\u0105cem. Pami\u0119tam jak wraca\u0142em nocnym poci\u0105giem relacji Gdynia &#8211; Szklarska Por\u0119ba. Istna mordownia letnia. Jedyne wolne miejsce znalaz\u0142em na pod\u0142odze w wagonie do transportu rower\u00f3w. Drewniana pod\u0142oga i inni mocno \u015bpi\u0105cy towarzysze drogi. Uwielbiam podr\u00f3\u017cowa\u0107 poci\u0105giem. W tym roku wi\u0119cej podr\u00f3\u017cowa\u0142em w wagonach sypialnych ni\u017c tych z samymi siedzeniami.<\/p>\n<p style=\"text-align: justify;\">Na fotografii widok z okna statku podczas rejsu Gdynia &#8211; Karlskrona.<\/p>\n<p><strong>Sierpie\u0144<\/strong><br \/>\n<img loading=\"lazy\" decoding=\"async\" class=\"alignnone size-full wp-image-4719\" src=\"https:\/\/robertdanieluk.com\/blog\/wp-content\/uploads\/2015\/12\/Sierpien.jpg\" alt=\"Sierpien\" width=\"960\" height=\"640\" srcset=\"https:\/\/robertdanieluk.com\/blog\/wp-content\/uploads\/2015\/12\/Sierpien.jpg 960w, https:\/\/robertdanieluk.com\/blog\/wp-content\/uploads\/2015\/12\/Sierpien-300x200.jpg 300w, https:\/\/robertdanieluk.com\/blog\/wp-content\/uploads\/2015\/12\/Sierpien-768x512.jpg 768w\" sizes=\"auto, (max-width: 960px) 100vw, 960px\" \/><br \/>\nMoja praca w d\u0142oniach Stevena Mulla oraz jego \u017cony Cheri podczas po\u017cegnalnej uroczysto\u015bci. Ambasador USA wr\u00f3ci\u0142 do domu i podj\u0105\u0142 si\u0119 bycia liderem w rozmowach\u00a0dotycz\u0105cych atomu i jego energii na linii\u00a0USA &#8211; Iran.<\/p>\n<p>Smutny to by\u0142 dla mnie dzie\u0144.<\/p>\n<p><strong>Wrzesie\u0144<\/strong><br \/>\n<img loading=\"lazy\" decoding=\"async\" class=\"alignnone size-full wp-image-4720\" src=\"https:\/\/robertdanieluk.com\/blog\/wp-content\/uploads\/2015\/12\/Wrzesien_01.jpg\" alt=\"Wrzesien\" width=\"960\" height=\"640\" srcset=\"https:\/\/robertdanieluk.com\/blog\/wp-content\/uploads\/2015\/12\/Wrzesien_01.jpg 960w, https:\/\/robertdanieluk.com\/blog\/wp-content\/uploads\/2015\/12\/Wrzesien_01-300x200.jpg 300w, https:\/\/robertdanieluk.com\/blog\/wp-content\/uploads\/2015\/12\/Wrzesien_01-768x512.jpg 768w\" sizes=\"auto, (max-width: 960px) 100vw, 960px\" \/><br \/>\nWojtek Grz\u0119dzi\u0144ski trzyma w d\u0142oniach album fotograficzny o prezydenturze Bronis\u0142awa Komorowskiego. Wojtek przez blisko 5 lat by\u0142 jego osobistym fotografem. S\u0105siad.<\/p>\n<p>We wrze\u015bniu do moich narz\u0119dzi fotograficznych (aparat, telefon) doda\u0142em ma\u0142ego Fuji x100t. Czego\u015b takiego mi brakowa\u0142o. Cichy i skuteczny.<\/p>\n<p><strong>Pa\u017adziernik<\/strong><br \/>\n<img loading=\"lazy\" decoding=\"async\" class=\"alignnone size-full wp-image-4718\" src=\"https:\/\/robertdanieluk.com\/blog\/wp-content\/uploads\/2015\/12\/Paz_01.jpg\" alt=\"Pa\u017adziernik\" width=\"960\" height=\"640\" srcset=\"https:\/\/robertdanieluk.com\/blog\/wp-content\/uploads\/2015\/12\/Paz_01.jpg 960w, https:\/\/robertdanieluk.com\/blog\/wp-content\/uploads\/2015\/12\/Paz_01-300x200.jpg 300w, https:\/\/robertdanieluk.com\/blog\/wp-content\/uploads\/2015\/12\/Paz_01-768x512.jpg 768w\" sizes=\"auto, (max-width: 960px) 100vw, 960px\" \/><br \/>\nBrakowa\u0142o nam czau na wakacje. Ci\u0105gle co\u015b. Na szcz\u0119\u015bcie uda\u0142o si\u0119 za\u0142apa\u0107 kilka oddech\u00f3w w najpi\u0119kniejszym miejscu na ziemi tu\u017c pod Kazimierzem Dolnym.<\/p>\n<p><strong>Listopad<\/strong><br \/>\n<img loading=\"lazy\" decoding=\"async\" class=\"alignnone size-full wp-image-4721\" src=\"https:\/\/robertdanieluk.com\/blog\/wp-content\/uploads\/2015\/12\/Wrzesien.jpg\" alt=\"Listopad\" width=\"960\" height=\"640\" srcset=\"https:\/\/robertdanieluk.com\/blog\/wp-content\/uploads\/2015\/12\/Wrzesien.jpg 960w, https:\/\/robertdanieluk.com\/blog\/wp-content\/uploads\/2015\/12\/Wrzesien-300x200.jpg 300w, https:\/\/robertdanieluk.com\/blog\/wp-content\/uploads\/2015\/12\/Wrzesien-768x512.jpg 768w\" sizes=\"auto, (max-width: 960px) 100vw, 960px\" \/><br \/>\nW listopadzie uda\u0142em si\u0119 na zdj\u0119cia do Berlina. To jest w\u0142a\u015bnie naj\u015bmieszniejsze, \u017ce cz\u0142owiek jedzie do du\u017cego fajnego miasta i przywozi dla siebie 2 fotografie. Reszta trafia do\u00a0klienta. Na szcz\u0119\u015bcie z najlepszym m\u0119skim kompanem do podr\u00f3\u017cy <a href=\"http:\/\/markoff.pl\/blog\/\">Dawidem<\/a>, udali\u015bmy si\u0119 do ch\u0142odnego Kijowa i Lwowa na fotograficzne spacery. To taka nasza ju\u017c chyba tradycja by jesieni\u0105 wyskoczy\u0107 za wschodni\u0105 granic\u0119. Wcze\u015bniej by\u0142a Bia\u0142oru\u015b, rok temu Ukraina-Mo\u0142dawia-Naddniestrze. Teraz zn\u00f3w Ukraina. Nie ukrywam, ale teraz chyba czas na Rosj\u0119. W dzisiejszych czasach takie s\u0142owa mog\u0105 by\u0107 karalne, ale t\u0119skni mi si\u0119 za ni\u0105.<\/p>\n<p><em>Na blogu pojawi\u0105 si\u0119 jeszcze zaleg\u0142e wpisy z Kijowa i Lwowa.<\/em><\/p>\n<p style=\"text-align: justify;\"><strong>Grudzie\u0144<\/strong><br \/>\n<img loading=\"lazy\" decoding=\"async\" class=\"alignnone size-full wp-image-4716\" src=\"https:\/\/robertdanieluk.com\/blog\/wp-content\/uploads\/2015\/12\/Grudzien.jpg\" alt=\"Grudzien\" width=\"960\" height=\"640\" srcset=\"https:\/\/robertdanieluk.com\/blog\/wp-content\/uploads\/2015\/12\/Grudzien.jpg 960w, https:\/\/robertdanieluk.com\/blog\/wp-content\/uploads\/2015\/12\/Grudzien-300x200.jpg 300w, https:\/\/robertdanieluk.com\/blog\/wp-content\/uploads\/2015\/12\/Grudzien-768x512.jpg 768w\" sizes=\"auto, (max-width: 960px) 100vw, 960px\" \/><br \/>\nPo powrocie z Ukrainy razem z Kasi\u0105 wsiedli\u015bmy w samolot i polecieli\u015bmy do ciep\u0142ego Izraela na kilka dni. Tego nam trzeba by\u0142o (aktualnie dodaj\u0119 wpisy z tej podr\u00f3\u017cy).<\/p>\n<p style=\"text-align: justify;\">Mieli\u015bmy ambitny plan by na terenie Palestyny dotrze\u0107 do opuszczonego parku wodnego. Niestety wysoki p\u0142ot nie pozwoli\u0142 nam si\u0119 tam dosta\u0107. Obok pole minowe i opuszczona baza wojskowa. O tym, \u017ce nie mo\u017cna po niej chodzi\u0107, dowiedzieli\u015bmy si\u0119 dopiero przy wyj\u015bciu :) taki by\u0142 ten rok!<\/p>\n<p style=\"text-align: justify;\">Ostatnie 11 godzin ostatniego dnia roku wi\u0119c na jednej nodze uda\u0142o mi si\u0119 zrobi\u0107 ten wpis :) Wszystkiego dobrego i oby 2016 by\u0142 10x lepszy od tego!<\/p>\n","protected":false},"excerpt":{"rendered":"<p>Ko\u0144czy si\u0119 rok. To czas by zrobi\u0107 ma\u0142e podsumowanie tego co dzia\u0142o si\u0119 przez te 12 miesi\u0119cy. Chocia\u017c do ko\u0144ca roku jeszcze kilka chwil, to jednak \u015bmia\u0142o mo\u017cna go opisa\u0107 i pokaza\u0107. Dzia\u0142o si\u0119 du\u017co, ale paradoksalnie na blogu niewiele. Chyba wiem czym to jest spowodowane. Wi\u0119kszo\u015b\u0107 strumienia fotograficznego przelewa si\u0119 do Instagramu, ale wiernie [&hellip;]<\/p>\n","protected":false},"author":1,"featured_media":0,"comment_status":"open","ping_status":"open","sticky":false,"template":"","format":"standard","meta":{"footnotes":""},"categories":[1075],"tags":[1076,472],"class_list":["post-4707","post","type-post","status-publish","format-standard","hentry","category-1075","tag-1076","tag-robert-danieluk"],"blocksy_meta":[],"_links":{"self":[{"href":"https:\/\/robertdanieluk.com\/blog\/wp-json\/wp\/v2\/posts\/4707","targetHints":{"allow":["GET"]}}],"collection":[{"href":"https:\/\/robertdanieluk.com\/blog\/wp-json\/wp\/v2\/posts"}],"about":[{"href":"https:\/\/robertdanieluk.com\/blog\/wp-json\/wp\/v2\/types\/post"}],"author":[{"embeddable":true,"href":"https:\/\/robertdanieluk.com\/blog\/wp-json\/wp\/v2\/users\/1"}],"replies":[{"embeddable":true,"href":"https:\/\/robertdanieluk.com\/blog\/wp-json\/wp\/v2\/comments?post=4707"}],"version-history":[{"count":5,"href":"https:\/\/robertdanieluk.com\/blog\/wp-json\/wp\/v2\/posts\/4707\/revisions"}],"predecessor-version":[{"id":4724,"href":"https:\/\/robertdanieluk.com\/blog\/wp-json\/wp\/v2\/posts\/4707\/revisions\/4724"}],"wp:attachment":[{"href":"https:\/\/robertdanieluk.com\/blog\/wp-json\/wp\/v2\/media?parent=4707"}],"wp:term":[{"taxonomy":"category","embeddable":true,"href":"https:\/\/robertdanieluk.com\/blog\/wp-json\/wp\/v2\/categories?post=4707"},{"taxonomy":"post_tag","embeddable":true,"href":"https:\/\/robertdanieluk.com\/blog\/wp-json\/wp\/v2\/tags?post=4707"}],"curies":[{"name":"wp","href":"https:\/\/api.w.org\/{rel}","templated":true}]}}