{"id":6477,"date":"2011-12-27T11:55:48","date_gmt":"2011-12-27T10:55:48","guid":{"rendered":"http:\/\/robertdanieluk.com\/blog\/?p=6477"},"modified":"2016-03-11T11:56:43","modified_gmt":"2016-03-11T10:56:43","slug":"north-korea","status":"publish","type":"post","link":"https:\/\/robertdanieluk.com\/blog\/2011\/12\/27\/north-korea\/","title":{"rendered":"North Korea"},"content":{"rendered":"<p><img loading=\"lazy\" decoding=\"async\" class=\"alignnone size-full wp-image-6441\" src=\"https:\/\/robertdanieluk.com\/blog\/wp-content\/uploads\/2016\/03\/3738.jpg\" alt=\"Ambasada Korei P\u00f3\u0142nocnej w Warszawie\" width=\"850\" height=\"567\" srcset=\"https:\/\/robertdanieluk.com\/blog\/wp-content\/uploads\/2016\/03\/3738.jpg 850w, https:\/\/robertdanieluk.com\/blog\/wp-content\/uploads\/2016\/03\/3738-300x200.jpg 300w, https:\/\/robertdanieluk.com\/blog\/wp-content\/uploads\/2016\/03\/3738-768x512.jpg 768w, https:\/\/robertdanieluk.com\/blog\/wp-content\/uploads\/2016\/03\/3738-272x182.jpg 272w\" sizes=\"auto, (max-width: 850px) 100vw, 850px\" \/><\/p>\n<p style=\"text-align: justify;\">Wsiad\u0142em i pojecha\u0142em pod Ambasad\u0119 Korei P\u00f3\u0142nocnej (Ambasada Korea\u0144skiej Republikii Ludowo-Demokratycznej), by z\u0142o\u017cy\u0107 wpis do ksi\u0119gi kondolencyjnej z powodu \u015bmierci Kim Dzong Ila. Od kilku lat \u015bledz\u0119 to wszystko co dzieje si\u0119 na Dalekim Wschodzie z Kore\u0105 P\u00f3\u0142nocn\u0105 w szczeg\u00f3lno\u015bci. \u015amier\u0107 Kim Dzong Ila jest wielkim wydarzeniem dla tego rejonu \u015bwiata, wi\u0119c jako cz\u0142owiek chcia\u0142em si\u0119 wpisa\u0107 do ksi\u0119gi, \u017ce wsp\u00f3\u0142czuj\u0119 narodowi Korea\u0144skiemu (bo to pokrzywdzona spo\u0142eczno\u015b\u0107 przez w\u0142adze) z powodu odej\u015bcia ich umi\u0142owanego przyw\u00f3dcy (jak pisz\u0105). My\u015bl\u0119, \u017ce wielu ludzi (bardzo oddanych w\u0142adzy) odbierze sobie \u017cycie, jak to mia\u0142o miejsce po \u015bmierci Kim Ir Sena. Przy okazji chcia\u0142em zobaczy\u0107 Ambasad\u0119. Poczu\u0107 si\u0119 troch\u0119 jak w Korei, chcia\u0142bym te\u017c tam kiedy\u015b pojecha\u0107. Tylko \u017ceby nikomu nie przysz\u0142o do g\u0142owy, \u017ce w jakikolwiek spos\u00f3b wspieram jak\u0105kolwiek dyktatur\u0119.<\/p>\n<p>Chwil\u0119 pokr\u0105\u017cy\u0142em po okolicy nim znalaz\u0142em budynek Ambasady. Ma\u0142e krople deszczu i ciep\u0142a zima. Za p\u0142otem nie wida\u0107 nikogo. Flaga przed wej\u015bciem opuszczona do po\u0142owy. Jakie\u015b napisy po korea\u0144sku i oczywi\u015bcie symbol &#8222;Zakaz Fotografowania&#8221;. Widz\u0119 dzwonek, dzwoni\u0119. Nagle otwieraj\u0105 si\u0119 drzwi ma\u0142ego domku przy wej\u015bciu. Nagle pojawia si\u0119 trzech m\u0119\u017cczyzn i nawijaj\u0105 po korea\u0144sku. Jeden ma kamer\u0119 i gdzie\u015b biegnie.<\/p>\n<p>&#8211;\u00a0<i>Dzie\u0144 Dobry<\/i>\u00a0&#8211; powiedzia\u0142em<br \/>\n&#8211;\u00a0<i>Dzie\u0144 Dobry. Czego Pan chce?<\/i>\u00a0&#8211; zapyta\u0142 \u0142aman\u0105 polszczyzn\u0105 jeden z Korea\u0144czyk\u00f3w.<br \/>\n&#8211;\u00a0<i>Chcia\u0142em si\u0119 wpisa\u0107 do ksi\u0119gi.<\/i><br \/>\n&#8211;\u00a0<i>Prosz\u0119<\/i>\u00a0&#8211; facet otworzy\u0142 bram\u0119 i zaprowadzi\u0142 mnie do ma\u0142ego murowanego budynku ju\u017c na terenie ambasady. W \u015brodku dwa foteliki, ma\u0142y stolik, wielka szyba zas\u0142oni\u0119ta \u017caluzjami z ma\u0142ym okienkiem. Na \u015bcianie wisia\u0142 jaki\u015b krajobraz Korei P\u00f3\u0142nocnej, a tu\u017c obok fotografia Kim Ir Sena i Kim Dzong Ila. Facet mia\u0142 w d\u0142oni kart\u0119, a przy ma\u0142ym okienku le\u017ca\u0142 telefon.<\/p>\n<p>&#8211;\u00a0<i>Kim Pan jest. Po co Pan przyszed\u0142?<\/i>\u00a0&#8211; zapyta\u0142 raz jeszcze. Odpowiedzia\u0142em, \u017ce chcia\u0142em si\u0119 wpisa\u0107 do ksi\u0119gi, a dzi\u015b ostatni dzie\u0144 wystawienia tej ksi\u0119gi.<br \/>\n&#8211;\u00a0<i>Tak tak. Gdzie Pan pracuje, ma Pan not\u0119 z Ambasady?<\/i>\u00a0&#8211; tak nie powiedzia\u0142, ale oto mu chodzi\u0142o.<br \/>\n&#8211;\u00a0<i>Jestem tu prywatnie<\/i>\u00a0&#8211; podkre\u015bli\u0142em, a facet zacz\u0105\u0142 kr\u0119ci\u0107 nosem. Na jego twarzy wyrysowa\u0142 si\u0119 sprzeciw.<br \/>\n&#8211;\u00a0<i>Gdzie Pan pracuje, ma Pan jak\u0105\u015b legitymacj\u0119?<\/i><br \/>\n&#8211;\u00a0<i>Jestem tu prywatnie, widzia\u0142em informacj\u0119 na stronie Ambasady, nie mam legitymacji, jestem studentem<\/i>\u00a0&#8211; potem literowa\u0142em mu nazw\u0119 szko\u0142y i co studiuje.<br \/>\n&#8211;\u00a0<i>Przykro mi nie mo\u017ce Pan si\u0119 wpisa\u0107<\/i>\u00a0&#8211; doda\u0142 po spisaniu informacji na kartk\u0119.<br \/>\n&#8211;\u00a0<i>Dlaczego?<\/i>\u00a0&#8211; zapyta\u0142em, wiedz\u0105c ju\u017c, \u017ce wi\u0119cej nie ugram.<br \/>\n&#8211;\u00a0<i>Nie mo\u017ce Pan si\u0119 wpisa\u0107<\/i>\u00a0&#8211; doda\u0142 i nagle obok mnie pojawi\u0142 si\u0119 inny Korea\u0144czyk z wpi\u0119tym Kim Ir Senem w klap\u0119 swojej sk\u00f3rzanej kurtki. Ten od razu lepsz\u0105 polszczyzn\u0105 szybko sprowadzi\u0142 mnie na ziemi\u0119.<br \/>\n&#8211;\u00a0<i>Nie ma Pan legitymacji nie wejdzie Pan. Osoby prywatne nie mog\u0105 si\u0119 wpisa\u0107. Za k\u0142amstwo u nas w kraju karaj\u0105. Nas chc\u0105 oszuka\u0107, a potem \u017ale o nas pisz\u0105. Nie podoba mi si\u0119 to.<\/i>\u00a0&#8211; jego stanowczo\u015b\u0107 zacz\u0119\u0142a mnie przera\u017ca\u0107. Jego kwadratowe rysy i ma\u0142e okularki, wzrok wpatrzony w moje oczy.<br \/>\n&#8211;\u00a0<i>Dziwne&#8230;<\/i>\u00a0&#8211; odpowiedzia\u0142em.<br \/>\n&#8211;\u00a0<i>Dlaczego dziwne? Chc\u0105 na nas zarabia\u0107 i \u017carty sobie robi\u0105. Nie podoba mi si\u0119 to\u00a0<\/i>&#8211; odpowiedzia\u0142 i na tym sko\u0144czy\u0142a si\u0119 rozmowa z jego strony.<\/p>\n<p>Powiedzia\u0142em, \u017ce rozumiem. Aczkolwiek nie rozumiem. Spasowa\u0142em i opu\u015bci\u0142em budynek Ambasady. Posta\u0142em jeszcze chwil\u0119, zrobi\u0142em kilka fotografii i wr\u00f3ci\u0142em do domu. Przygn\u0119bi\u0142o mnie to.<\/p>\n<p>Wsp\u00f3\u0142czuj\u0119 Korea\u0144czykom tego w jakim \u015bwiecie przysz\u0142o im \u017cy\u0107.<\/p>\n","protected":false},"excerpt":{"rendered":"<p>Wsiad\u0142em i pojecha\u0142em pod Ambasad\u0119 Korei P\u00f3\u0142nocnej (Ambasada Korea\u0144skiej Republikii Ludowo-Demokratycznej), by z\u0142o\u017cy\u0107 wpis do ksi\u0119gi kondolencyjnej z powodu \u015bmierci Kim Dzong Ila. Od kilku lat \u015bledz\u0119 to wszystko co dzieje si\u0119 na Dalekim Wschodzie z Kore\u0105 P\u00f3\u0142nocn\u0105 w szczeg\u00f3lno\u015bci. \u015amier\u0107 Kim Dzong Ila jest wielkim wydarzeniem dla tego rejonu \u015bwiata, wi\u0119c jako cz\u0142owiek chcia\u0142em [&hellip;]<\/p>\n","protected":false},"author":1,"featured_media":0,"comment_status":"open","ping_status":"open","sticky":false,"template":"","format":"standard","meta":{"footnotes":""},"categories":[14],"tags":[1405,716,1406,967],"class_list":["post-6477","post","type-post","status-publish","format-standard","hentry","category-warszawa","tag-ambasada-korei-polnocnej-w-warszawie","tag-korea-polnocna","tag-krld","tag-warszawa"],"blocksy_meta":[],"_links":{"self":[{"href":"https:\/\/robertdanieluk.com\/blog\/wp-json\/wp\/v2\/posts\/6477","targetHints":{"allow":["GET"]}}],"collection":[{"href":"https:\/\/robertdanieluk.com\/blog\/wp-json\/wp\/v2\/posts"}],"about":[{"href":"https:\/\/robertdanieluk.com\/blog\/wp-json\/wp\/v2\/types\/post"}],"author":[{"embeddable":true,"href":"https:\/\/robertdanieluk.com\/blog\/wp-json\/wp\/v2\/users\/1"}],"replies":[{"embeddable":true,"href":"https:\/\/robertdanieluk.com\/blog\/wp-json\/wp\/v2\/comments?post=6477"}],"version-history":[{"count":1,"href":"https:\/\/robertdanieluk.com\/blog\/wp-json\/wp\/v2\/posts\/6477\/revisions"}],"predecessor-version":[{"id":6478,"href":"https:\/\/robertdanieluk.com\/blog\/wp-json\/wp\/v2\/posts\/6477\/revisions\/6478"}],"wp:attachment":[{"href":"https:\/\/robertdanieluk.com\/blog\/wp-json\/wp\/v2\/media?parent=6477"}],"wp:term":[{"taxonomy":"category","embeddable":true,"href":"https:\/\/robertdanieluk.com\/blog\/wp-json\/wp\/v2\/categories?post=6477"},{"taxonomy":"post_tag","embeddable":true,"href":"https:\/\/robertdanieluk.com\/blog\/wp-json\/wp\/v2\/tags?post=6477"}],"curies":[{"name":"wp","href":"https:\/\/api.w.org\/{rel}","templated":true}]}}